{"id":7621,"date":"2026-03-06T08:46:32","date_gmt":"2026-03-06T11:46:32","guid":{"rendered":"https:\/\/elpueblonoticia.com.ar\/web\/?p=7621"},"modified":"2026-03-06T08:46:32","modified_gmt":"2026-03-06T11:46:32","slug":"mes-de-la-mujer-goya-ciudad-desarrolla-en-marzo-una-variada-agenda-de-actividades","status":"publish","type":"post","link":"https:\/\/elpueblonoticia.com.ar\/web\/2026\/03\/06\/mes-de-la-mujer-goya-ciudad-desarrolla-en-marzo-una-variada-agenda-de-actividades\/","title":{"rendered":"Mes de la Mujer: Goya ciudad desarrolla en marzo una variada agenda de actividades"},"content":{"rendered":"<div id=\"modalIntrotext\">\n<div>Este domingo 8 de marzo se conmemora el d\u00eda de la Mujer y desde el municipio est\u00e1 programado una serie de actividades para dar inicio a esta fecha. La primera de estas jornadas tendr\u00e1 lugar este viernes 6 desde las 20:30 horas con la muestra colectiva &#8220;Ellas Crean&#8221;, en la Casa de la Cultura.<\/div>\n<div><\/div>\n<div><\/div>\n<div><\/div>\n<div><\/div>\n<div>\u00a0 \u00a0 \u00a0 \u00a0 \u00a0 \u00a0 \u00a0 \u00a0 \u00a0 \u00a0 \u00a0 \u00a0 \u00a0 \u00a0 \u00a0Durante todo marzo, la municipalidad de Goya desarrollar\u00e1 una nutrida agenda. Se trata de una iniciativa con el objetivo de generar espacios de encuentro, reflexi\u00f3n y reconocimiento del rol de las mujeres en los distintos \u00e1mbitos de la vida social, cultural y productiva.<\/p>\n<p><b>TRIBUTO A LAS MUJERES<\/b><\/p>\n<p>&#8220;Ellas Crean&#8221; Exposici\u00f3n en adhesi\u00f3n al D\u00eda Internacional de la Mujer.<\/p>\n<p>Desde la Direcci\u00f3n de Cultura, ha programado una serie de actividades art\u00edsticas, musicales y de reconocimiento a mujeres que aportaron a la cultura de la ciudad.<\/p>\n<p>Viernes 6 de marzo: Inauguraci\u00f3n de la Exposici\u00f3n &#8220;Ellas Crean&#8221;; en el Sal\u00f3n Colectivo artistas goyanas a las 20:30 horas.<\/p>\n<p>&#8220;Estar\u00e1n presentes las artistas pl\u00e1sticas de nuestra ciudad. Es importante la cantidad de obras que hemos recibido y la mayor\u00eda de las artistas pl\u00e1sticas de la ciudad. Esta ma\u00f1ana todav\u00eda seguimos recibiendo obras, as\u00ed que van a estar ocupadas las tres salas de Casa de la Cultura&#8221; explic\u00f3 el director de Cultura Manuel Lito Zampar.<\/p>\n<p>Esta muestra estar\u00e1 abierta hasta el pr\u00f3ximo s\u00e1bado 14 de marzo.<\/p>\n<p><b>S\u00c1BADO 7<\/b><\/p>\n<p>Ese s\u00e1bado y a modo de vigilia por el D\u00eda de la Mujer, desde las 20:30 horas, el homenaje a la Profesora Susana Manzanares, con un encuentro art\u00edstico musical: &#8220;Voces Cantan al atardecer&#8221;; con interpretaciones de artistas de la Direcci\u00f3n de Cultura como La Trova Municipal, las voces de mujeres del Taller de Canto de la Escuela de M\u00fasica y del Taller de Canto de la Profesora Selva Vera.<\/p>\n<p>&#8220;El motivo de este homenaje es un reconocimiento, agradecimiento a ella, porque adem\u00e1s de su calidad art\u00edstica, trayectoria, como persona, sus conocimientos, lo que queremos homenajear es la entrega para brindar todo los que ella aprendi\u00f3 y ense\u00f1o a ni\u00f1os j\u00f3venes y adultos durante su paso por la escuela de artes pl\u00e1sticas&#8221; explic\u00f3 Zampar.<\/p>\n<p>Asimismo, reconoci\u00f3 las figuras de la artista pl\u00e1stica, Susana Manzanares y del que en ese momento era el director de Cultura, licenciado Abel Bernasconi, como los iniciadores de lo que es el Pintemos Goya. &#8220;Ambos son los que pusieron la piedra fundamental de este gran evento local&#8221; insisti\u00f3.<\/p>\n<p>Todo el programa con un firme prop\u00f3sito reconocer la labor de las mujeres en todos los \u00e1mbitos en adhesi\u00f3n al 8 de marzo, D\u00eda de la Mujer, con entrada libre y gratuita.<\/p>\n<p>Cabe se\u00f1alar que sendas actividades est\u00e1n organizadas por la Direcci\u00f3n de Cultura y la Secretar\u00eda de Turismo.<\/p><\/div>\n<div><\/div>\n<\/div>\n","protected":false},"excerpt":{"rendered":"<p>Este domingo 8 de marzo se conmemora el d\u00eda de la Mujer y desde el municipio est\u00e1 programado una serie de actividades para dar inicio a esta fecha. La primera de estas jornadas tendr\u00e1 lugar este viernes 6 desde las 20:30 horas con la muestra colectiva &#8220;Ellas Crean&#8221;, en la Casa de la Cultura. \u00a0 [&hellip;]<\/p>\n","protected":false},"author":2,"featured_media":7622,"comment_status":"open","ping_status":"open","sticky":false,"template":"","format":"standard","meta":{"footnotes":""},"categories":[56],"tags":[],"class_list":{"0":"post-7621","1":"post","2":"type-post","3":"status-publish","4":"format-standard","5":"has-post-thumbnail","7":"category-locales"},"_links":{"self":[{"href":"https:\/\/elpueblonoticia.com.ar\/web\/wp-json\/wp\/v2\/posts\/7621","targetHints":{"allow":["GET"]}}],"collection":[{"href":"https:\/\/elpueblonoticia.com.ar\/web\/wp-json\/wp\/v2\/posts"}],"about":[{"href":"https:\/\/elpueblonoticia.com.ar\/web\/wp-json\/wp\/v2\/types\/post"}],"author":[{"embeddable":true,"href":"https:\/\/elpueblonoticia.com.ar\/web\/wp-json\/wp\/v2\/users\/2"}],"replies":[{"embeddable":true,"href":"https:\/\/elpueblonoticia.com.ar\/web\/wp-json\/wp\/v2\/comments?post=7621"}],"version-history":[{"count":1,"href":"https:\/\/elpueblonoticia.com.ar\/web\/wp-json\/wp\/v2\/posts\/7621\/revisions"}],"predecessor-version":[{"id":7623,"href":"https:\/\/elpueblonoticia.com.ar\/web\/wp-json\/wp\/v2\/posts\/7621\/revisions\/7623"}],"wp:featuredmedia":[{"embeddable":true,"href":"https:\/\/elpueblonoticia.com.ar\/web\/wp-json\/wp\/v2\/media\/7622"}],"wp:attachment":[{"href":"https:\/\/elpueblonoticia.com.ar\/web\/wp-json\/wp\/v2\/media?parent=7621"}],"wp:term":[{"taxonomy":"category","embeddable":true,"href":"https:\/\/elpueblonoticia.com.ar\/web\/wp-json\/wp\/v2\/categories?post=7621"},{"taxonomy":"post_tag","embeddable":true,"href":"https:\/\/elpueblonoticia.com.ar\/web\/wp-json\/wp\/v2\/tags?post=7621"}],"curies":[{"name":"wp","href":"https:\/\/api.w.org\/{rel}","templated":true}]}}