{"id":7617,"date":"2026-03-06T08:40:05","date_gmt":"2026-03-06T11:40:05","guid":{"rendered":"https:\/\/elpueblonoticia.com.ar\/web\/?p=7617"},"modified":"2026-03-06T08:40:05","modified_gmt":"2026-03-06T11:40:05","slug":"el-gobierno-presentara-hoy-el-programa-corrientes-sostiene","status":"publish","type":"post","link":"https:\/\/elpueblonoticia.com.ar\/web\/2026\/03\/06\/el-gobierno-presentara-hoy-el-programa-corrientes-sostiene\/","title":{"rendered":"El Gobierno presentar\u00e1 hoy el programa \u201cCorrientes Sostiene\u201d"},"content":{"rendered":"<p>El gobernador Juan Pablo Vald\u00e9s brindar\u00e1 hoy a las 11.30 una conferencia de prensa en Casa de Gobierno para anunciar los detalles del programa \u201cSostiene Corrientes\u201d. Se habla de una iniciativa provincial orientada a fortalecer la econom\u00eda local.<\/p>\n<p>El plan contar\u00e1 con un fondeo total de 130.000 millones de pesos y alcanzar\u00e1 a unos 89.000 usuarios que operan con el Banco de Corrientes. Entre las medidas destinadas a las familias, se prev\u00e9 la posibilidad de financiar deudas de tarjetas de cr\u00e9dito desde los 100.000 pesos en 6 o 12 cuotas, con el objetivo de aliviar la situaci\u00f3n financiera y sostener el consumo.<\/p>\n<h2 class=\"wp-block-heading\">Apoyo para empresas<\/h2>\n<p>El programa tambi\u00e9n incluye herramientas para el sector privado, con el objetivo de mejorar la liquidez de las empresas y ayudarlas a sostener su actividad.<\/p>\n<p>En ese marco, las firmas que hayan utilizado el 75% o m\u00e1s de su l\u00edmite de giro en descubierto podr\u00e1n financiar hasta el 80% de ese saldo en cuenta corriente. El financiamiento ser\u00e1 a 12 meses y con una tasa de inter\u00e9s diferencial, menor a las habituales del mercado. Adem\u00e1s, el esquema podr\u00e1 aplicarse a empresas con dificultades en otros productos crediticios dentro del Banco de Corrientes.<\/p>\n","protected":false},"excerpt":{"rendered":"<p>El gobernador Juan Pablo Vald\u00e9s brindar\u00e1 hoy a las 11.30 una conferencia de prensa en Casa de Gobierno para anunciar los detalles del programa \u201cSostiene Corrientes\u201d. Se habla de una iniciativa provincial orientada a fortalecer la econom\u00eda local. El plan contar\u00e1 con un fondeo total de 130.000 millones de pesos y alcanzar\u00e1 a unos 89.000 [&hellip;]<\/p>\n","protected":false},"author":2,"featured_media":7618,"comment_status":"open","ping_status":"open","sticky":false,"template":"","format":"standard","meta":{"footnotes":""},"categories":[66],"tags":[],"class_list":{"0":"post-7617","1":"post","2":"type-post","3":"status-publish","4":"format-standard","5":"has-post-thumbnail","7":"category-politica-nacionales"},"_links":{"self":[{"href":"https:\/\/elpueblonoticia.com.ar\/web\/wp-json\/wp\/v2\/posts\/7617","targetHints":{"allow":["GET"]}}],"collection":[{"href":"https:\/\/elpueblonoticia.com.ar\/web\/wp-json\/wp\/v2\/posts"}],"about":[{"href":"https:\/\/elpueblonoticia.com.ar\/web\/wp-json\/wp\/v2\/types\/post"}],"author":[{"embeddable":true,"href":"https:\/\/elpueblonoticia.com.ar\/web\/wp-json\/wp\/v2\/users\/2"}],"replies":[{"embeddable":true,"href":"https:\/\/elpueblonoticia.com.ar\/web\/wp-json\/wp\/v2\/comments?post=7617"}],"version-history":[{"count":1,"href":"https:\/\/elpueblonoticia.com.ar\/web\/wp-json\/wp\/v2\/posts\/7617\/revisions"}],"predecessor-version":[{"id":7619,"href":"https:\/\/elpueblonoticia.com.ar\/web\/wp-json\/wp\/v2\/posts\/7617\/revisions\/7619"}],"wp:featuredmedia":[{"embeddable":true,"href":"https:\/\/elpueblonoticia.com.ar\/web\/wp-json\/wp\/v2\/media\/7618"}],"wp:attachment":[{"href":"https:\/\/elpueblonoticia.com.ar\/web\/wp-json\/wp\/v2\/media?parent=7617"}],"wp:term":[{"taxonomy":"category","embeddable":true,"href":"https:\/\/elpueblonoticia.com.ar\/web\/wp-json\/wp\/v2\/categories?post=7617"},{"taxonomy":"post_tag","embeddable":true,"href":"https:\/\/elpueblonoticia.com.ar\/web\/wp-json\/wp\/v2\/tags?post=7617"}],"curies":[{"name":"wp","href":"https:\/\/api.w.org\/{rel}","templated":true}]}}