{"id":7613,"date":"2026-03-06T08:31:25","date_gmt":"2026-03-06T11:31:25","guid":{"rendered":"https:\/\/elpueblonoticia.com.ar\/web\/?p=7613"},"modified":"2026-03-06T08:31:25","modified_gmt":"2026-03-06T11:31:25","slug":"escuela-municipal-de-musica-inicia-ciclo-lectivo-y-celebra-acto-academico-de-los-primeros-egresados","status":"publish","type":"post","link":"https:\/\/elpueblonoticia.com.ar\/web\/2026\/03\/06\/escuela-municipal-de-musica-inicia-ciclo-lectivo-y-celebra-acto-academico-de-los-primeros-egresados\/","title":{"rendered":"Escuela Municipal de M\u00fasica inicia ciclo lectivo y celebra acto acad\u00e9mico de los primeros egresados"},"content":{"rendered":"<div id=\"modalIntrotext\">\n<div><img decoding=\"async\" src=\"https:\/\/www.powernoticias.com\/images\/202603052112574458\" \/><\/div>\n<div>La Escuela Municipal de M\u00fasica &#8220;Don Alcides Romero&#8221; y el Director de Cultura, Manuel Zampar informaron que el ciclo lectivo 2026 iniciar\u00e1 el pr\u00f3ximo viernes 13 de marzo.<\/div>\n<div><\/div>\n<div>\u00a0 \u00a0 \u00a0 \u00a0 Una gran cantidad de j\u00f3venes de los talleres de guitarra, teclados, viol\u00edn; acorde\u00f3n y canto, iniciar\u00e1n el presente ciclo lectivo.<\/p>\n<p>Los nuevos inscriptos pasar\u00e1n a formar parte de la escuela, sum\u00e1ndose a los que estaban desde el a\u00f1o pasado, conformando a partir de ahora una matr\u00edcula de 140 alumnos en los diferentes instrumentos que ense\u00f1a la mencionada instituci\u00f3n musical.<\/p>\n<p>La ocasi\u00f3n ser\u00e1 propicia tambi\u00e9n para hacer entrega de los diplomas del Conservatorio Fracassi a los primeros cinco egresados como &#8220;Profesores Superiores&#8221; de la Escuela de M\u00fasica. De igual modo, se recordar\u00e1 el 48\u00b0 Aniversario de esta instituci\u00f3n municipal.<\/p>\n<p><b>PRIMEROS EGRESADOS<\/b><\/p>\n<p>Los primeros egresados del Conservatorio de M\u00fasica Fracassi en Goya son: Camila Caama\u00f1o, Wanda Machuca, Sebasti\u00e1n Bellando, Ana Paula S\u00e1nchez, Lautaro Nievas.<\/p>\n<\/div>\n<\/div>\n","protected":false},"excerpt":{"rendered":"<p>La Escuela Municipal de M\u00fasica &#8220;Don Alcides Romero&#8221; y el Director de Cultura, Manuel Zampar informaron que el ciclo lectivo 2026 iniciar\u00e1 el pr\u00f3ximo viernes 13 de marzo. \u00a0 \u00a0 \u00a0 \u00a0 Una gran cantidad de j\u00f3venes de los talleres de guitarra, teclados, viol\u00edn; acorde\u00f3n y canto, iniciar\u00e1n el presente ciclo lectivo. Los nuevos inscriptos [&hellip;]<\/p>\n","protected":false},"author":2,"featured_media":7614,"comment_status":"open","ping_status":"open","sticky":false,"template":"","format":"standard","meta":{"footnotes":""},"categories":[56],"tags":[],"class_list":{"0":"post-7613","1":"post","2":"type-post","3":"status-publish","4":"format-standard","5":"has-post-thumbnail","7":"category-locales"},"_links":{"self":[{"href":"https:\/\/elpueblonoticia.com.ar\/web\/wp-json\/wp\/v2\/posts\/7613","targetHints":{"allow":["GET"]}}],"collection":[{"href":"https:\/\/elpueblonoticia.com.ar\/web\/wp-json\/wp\/v2\/posts"}],"about":[{"href":"https:\/\/elpueblonoticia.com.ar\/web\/wp-json\/wp\/v2\/types\/post"}],"author":[{"embeddable":true,"href":"https:\/\/elpueblonoticia.com.ar\/web\/wp-json\/wp\/v2\/users\/2"}],"replies":[{"embeddable":true,"href":"https:\/\/elpueblonoticia.com.ar\/web\/wp-json\/wp\/v2\/comments?post=7613"}],"version-history":[{"count":1,"href":"https:\/\/elpueblonoticia.com.ar\/web\/wp-json\/wp\/v2\/posts\/7613\/revisions"}],"predecessor-version":[{"id":7615,"href":"https:\/\/elpueblonoticia.com.ar\/web\/wp-json\/wp\/v2\/posts\/7613\/revisions\/7615"}],"wp:featuredmedia":[{"embeddable":true,"href":"https:\/\/elpueblonoticia.com.ar\/web\/wp-json\/wp\/v2\/media\/7614"}],"wp:attachment":[{"href":"https:\/\/elpueblonoticia.com.ar\/web\/wp-json\/wp\/v2\/media?parent=7613"}],"wp:term":[{"taxonomy":"category","embeddable":true,"href":"https:\/\/elpueblonoticia.com.ar\/web\/wp-json\/wp\/v2\/categories?post=7613"},{"taxonomy":"post_tag","embeddable":true,"href":"https:\/\/elpueblonoticia.com.ar\/web\/wp-json\/wp\/v2\/tags?post=7613"}],"curies":[{"name":"wp","href":"https:\/\/api.w.org\/{rel}","templated":true}]}}