{"id":7609,"date":"2026-03-06T08:26:17","date_gmt":"2026-03-06T11:26:17","guid":{"rendered":"https:\/\/elpueblonoticia.com.ar\/web\/?p=7609"},"modified":"2026-03-06T08:26:17","modified_gmt":"2026-03-06T11:26:17","slug":"requisitos-y-fechas-para-el-ingreso-al-servicio-penitenciario-de-corrientes","status":"publish","type":"post","link":"https:\/\/elpueblonoticia.com.ar\/web\/2026\/03\/06\/requisitos-y-fechas-para-el-ingreso-al-servicio-penitenciario-de-corrientes\/","title":{"rendered":"Requisitos y fechas para el ingreso al Servicio Penitenciario de Corrientes"},"content":{"rendered":"<div class=\"contenido\">\n<div id=\"modalIntrotext\">\n<div>La Jefatura del Servicio Penitenciario anunci\u00f3 que desde el lunes 9 hasta el viernes 20 de marzo se recibir\u00e1n las solicitudes para el ingreso como cadetes. La inscripci\u00f3n se realizar\u00e1 de forma presencial en la sede de calle Pellegrini y San Luis.<\/div>\n<div><\/div>\n<div><\/div>\n<\/div>\n<div id=\"modalFulltext\">\u00a0 \u00a0 \u00a0 \u00a0 \u00a0 \u00a0 \u00a0 \u00a0 \u00a0El Servicio Penitenciario de Corrientes convoca a j\u00f3venes de ambos sexos interesados en formarse como futuros agentes de la instituci\u00f3n. El proceso de inscripci\u00f3n para el ciclo de formaci\u00f3n estar\u00e1 habilitado durante los d\u00edas h\u00e1biles del periodo comprendido entre el 9 y el 20 de marzo, en el horario de 07:00 a 13:00.<\/p>\n<p>Los interesados deber\u00e1n presentarse en la sede de la Direcci\u00f3n e Instituto de Formaci\u00f3n Penitenciaria, ubicada en calle Pellegrini esquina San Luis (Capital), ingresando exclusivamente por calle San Luis.<\/p>\n<p>Requisitos excluyentes<br \/>\nPara acceder a la preinscripci\u00f3n, los aspirantes deben cumplir con una serie de exigencias estrictas que garantizan el perfil institucional:<\/p>\n<p>Identidad y conducta: Ser argentino (nativo o naturalizado) y poseer antecedentes honorables.<\/p>\n<p>Edad: Tener entre 18 y 26 a\u00f1os al momento del ingreso.<\/p>\n<p>Educaci\u00f3n: Haber finalizado el ciclo secundario completo sin adeudar materias.<\/p>\n<p>Estado civil: Soltero\/a y sin hijos.<\/p>\n<p>Condiciones f\u00edsicas: * Estatura m\u00ednima: 1,65 m (masculino) y 1,60 m (femenino).<\/p>\n<p>IMC: Entre 17 y 28.<\/p>\n<p>Per\u00edmetro abdominal: M\u00e1ximo 90 cm (hombres) y 80 cm (mujeres).<\/p>\n<p>No poseer tatuajes en lugares visibles.<\/p>\n<p>Aptitud psicof\u00edsica para actividades de alto rendimiento.<\/p>\n<p>Documentaci\u00f3n necesaria<br \/>\nAl momento de entregar la solicitud, es obligatorio presentar una carpeta (celeste para hombres, rosada para mujeres) que contenga:<\/p>\n<p>Acta de nacimiento (fotocopia legalizada).<\/p>\n<p>T\u00edtulo anal\u00edtico de estudios secundarios (legalizado).<\/p>\n<p>Certificado de buena conducta.<\/p>\n<p>Cuatro fotos 4&#215;4 con fondo celeste.<\/p>\n<p>Fotocopia color del DNI (anverso y reverso).<\/p>\n<p>Certificado de domicilio.<\/p>\n<p>Proceso de selecci\u00f3n y ex\u00e1menes<br \/>\nTras la inscripci\u00f3n, los aspirantes deber\u00e1n superar una serie de instancias eliminatorias:<\/p>\n<p>Examen intelectual: Historia y Geograf\u00eda de Corrientes, Formaci\u00f3n \u00c9tica y Ciudadana, y Legislaci\u00f3n de la repartici\u00f3n.<\/p>\n<p>Evaluaci\u00f3n psicol\u00f3gica: A cargo del Centro de Reconocimiento M\u00e9dico provincial.<\/p>\n<p>Examen m\u00e9dico: Realizado por profesionales de la instituci\u00f3n.<\/p>\n<p>Examen f\u00edsico: Pruebas de exigencia motriz.<\/p>\n<p>Entrevista institucional.<\/p>\n<p>Las autoridades informaron que el cronograma de cada evaluaci\u00f3n ser\u00e1 notificado individualmente a los postulantes a medida que avancen en las distintas etapas del proceso de ingreso.<\/p>\n<div><\/div>\n<div>El Litoral<\/div>\n<\/div>\n<div>\n<div id=\"117986-4\"><\/div>\n<div id=\"117986-6\"><\/div>\n<div id=\"117986-3\"><\/div>\n<\/div>\n<\/div>\n<div class=\"modalRedes\"><\/div>\n","protected":false},"excerpt":{"rendered":"<p>La Jefatura del Servicio Penitenciario anunci\u00f3 que desde el lunes 9 hasta el viernes 20 de marzo se recibir\u00e1n las solicitudes para el ingreso como cadetes. La inscripci\u00f3n se realizar\u00e1 de forma presencial en la sede de calle Pellegrini y San Luis. \u00a0 \u00a0 \u00a0 \u00a0 \u00a0 \u00a0 \u00a0 \u00a0 \u00a0El Servicio Penitenciario de Corrientes [&hellip;]<\/p>\n","protected":false},"author":2,"featured_media":7610,"comment_status":"open","ping_status":"open","sticky":false,"template":"","format":"standard","meta":{"footnotes":""},"categories":[78],"tags":[],"class_list":{"0":"post-7609","1":"post","2":"type-post","3":"status-publish","4":"format-standard","5":"has-post-thumbnail","7":"category-generales"},"_links":{"self":[{"href":"https:\/\/elpueblonoticia.com.ar\/web\/wp-json\/wp\/v2\/posts\/7609","targetHints":{"allow":["GET"]}}],"collection":[{"href":"https:\/\/elpueblonoticia.com.ar\/web\/wp-json\/wp\/v2\/posts"}],"about":[{"href":"https:\/\/elpueblonoticia.com.ar\/web\/wp-json\/wp\/v2\/types\/post"}],"author":[{"embeddable":true,"href":"https:\/\/elpueblonoticia.com.ar\/web\/wp-json\/wp\/v2\/users\/2"}],"replies":[{"embeddable":true,"href":"https:\/\/elpueblonoticia.com.ar\/web\/wp-json\/wp\/v2\/comments?post=7609"}],"version-history":[{"count":1,"href":"https:\/\/elpueblonoticia.com.ar\/web\/wp-json\/wp\/v2\/posts\/7609\/revisions"}],"predecessor-version":[{"id":7611,"href":"https:\/\/elpueblonoticia.com.ar\/web\/wp-json\/wp\/v2\/posts\/7609\/revisions\/7611"}],"wp:featuredmedia":[{"embeddable":true,"href":"https:\/\/elpueblonoticia.com.ar\/web\/wp-json\/wp\/v2\/media\/7610"}],"wp:attachment":[{"href":"https:\/\/elpueblonoticia.com.ar\/web\/wp-json\/wp\/v2\/media?parent=7609"}],"wp:term":[{"taxonomy":"category","embeddable":true,"href":"https:\/\/elpueblonoticia.com.ar\/web\/wp-json\/wp\/v2\/categories?post=7609"},{"taxonomy":"post_tag","embeddable":true,"href":"https:\/\/elpueblonoticia.com.ar\/web\/wp-json\/wp\/v2\/tags?post=7609"}],"curies":[{"name":"wp","href":"https:\/\/api.w.org\/{rel}","templated":true}]}}