{"id":7605,"date":"2026-03-06T08:20:42","date_gmt":"2026-03-06T11:20:42","guid":{"rendered":"https:\/\/elpueblonoticia.com.ar\/web\/?p=7605"},"modified":"2026-03-06T08:20:42","modified_gmt":"2026-03-06T11:20:42","slug":"operativos-de-controles-vehiculares-en-distintos-puntos-de-goya","status":"publish","type":"post","link":"https:\/\/elpueblonoticia.com.ar\/web\/2026\/03\/06\/operativos-de-controles-vehiculares-en-distintos-puntos-de-goya\/","title":{"rendered":"Operativos de controles vehiculares en distintos puntos de Goya"},"content":{"rendered":"<div id=\"modalIntrotext\">\n<div><\/div>\n<div><img decoding=\"async\" src=\"https:\/\/www.powernoticias.com\/images\/202603051943423542\" \/><\/div>\n<div><img decoding=\"async\" src=\"https:\/\/www.powernoticias.com\/images\/202603051943344152\" \/><\/div>\n<div>En un trabajo articulado que busca reforzar la seguridad vial en la ciudad, el pasado 25 de febrero \u2014la semana pasada\u2014 y nuevamente en la noche de este mi\u00e9rcoles, la Polic\u00eda de Corrientes, a trav\u00e9s de la Seccional 3\u00aa y la Seccional 5\u00aa, llev\u00f3 adelante operativos de control vehicular en conjunto con la Direcci\u00f3n de Tr\u00e1nsito de la Municipalidad de Goya.<\/div>\n<div><\/div>\n<div><\/div>\n<div>\u00a0 \u00a0 \u00a0Los procedimientos se desplegaron en distintos puntos estrat\u00e9gicos de la ciudad, con el objetivo de intensificar la fiscalizaci\u00f3n y promover el cumplimiento de las normas vigentes. Durante los controles se verific\u00f3 la documentaci\u00f3n obligatoria de los veh\u00edculos, se realizaron test de alcoholemia a conductores y se supervis\u00f3 el uso correcto del casco en motociclistas, uno de los aspectos centrales en materia de prevenci\u00f3n.<\/p>\n<p>Desde las \u00e1reas intervinientes se\u00f1alaron que estos operativos conjuntos continuar\u00e1n realiz\u00e1ndose de manera semanal en diferentes sectores de Goya, con el fin de fortalecer la presencia preventiva en la v\u00eda p\u00fablica y generar mayor conciencia en la comunidad sobre la importancia de respetar las normas de tr\u00e1nsito.<\/p>\n<p>La iniciativa apunta no s\u00f3lo a sancionar infracciones, sino tambi\u00e9n a consolidar una cultura de responsabilidad y cuidado colectivo, entendiendo que la seguridad vial es una construcci\u00f3n diaria que requiere del compromiso tanto de las autoridades como de los ciudadanos.<\/p><\/div>\n<\/div>\n","protected":false},"excerpt":{"rendered":"<p>En un trabajo articulado que busca reforzar la seguridad vial en la ciudad, el pasado 25 de febrero \u2014la semana pasada\u2014 y nuevamente en la noche de este mi\u00e9rcoles, la Polic\u00eda de Corrientes, a trav\u00e9s de la Seccional 3\u00aa y la Seccional 5\u00aa, llev\u00f3 adelante operativos de control vehicular en conjunto con la Direcci\u00f3n de [&hellip;]<\/p>\n","protected":false},"author":2,"featured_media":7606,"comment_status":"open","ping_status":"open","sticky":false,"template":"","format":"standard","meta":{"footnotes":""},"categories":[56],"tags":[],"class_list":{"0":"post-7605","1":"post","2":"type-post","3":"status-publish","4":"format-standard","5":"has-post-thumbnail","7":"category-locales"},"_links":{"self":[{"href":"https:\/\/elpueblonoticia.com.ar\/web\/wp-json\/wp\/v2\/posts\/7605","targetHints":{"allow":["GET"]}}],"collection":[{"href":"https:\/\/elpueblonoticia.com.ar\/web\/wp-json\/wp\/v2\/posts"}],"about":[{"href":"https:\/\/elpueblonoticia.com.ar\/web\/wp-json\/wp\/v2\/types\/post"}],"author":[{"embeddable":true,"href":"https:\/\/elpueblonoticia.com.ar\/web\/wp-json\/wp\/v2\/users\/2"}],"replies":[{"embeddable":true,"href":"https:\/\/elpueblonoticia.com.ar\/web\/wp-json\/wp\/v2\/comments?post=7605"}],"version-history":[{"count":1,"href":"https:\/\/elpueblonoticia.com.ar\/web\/wp-json\/wp\/v2\/posts\/7605\/revisions"}],"predecessor-version":[{"id":7607,"href":"https:\/\/elpueblonoticia.com.ar\/web\/wp-json\/wp\/v2\/posts\/7605\/revisions\/7607"}],"wp:featuredmedia":[{"embeddable":true,"href":"https:\/\/elpueblonoticia.com.ar\/web\/wp-json\/wp\/v2\/media\/7606"}],"wp:attachment":[{"href":"https:\/\/elpueblonoticia.com.ar\/web\/wp-json\/wp\/v2\/media?parent=7605"}],"wp:term":[{"taxonomy":"category","embeddable":true,"href":"https:\/\/elpueblonoticia.com.ar\/web\/wp-json\/wp\/v2\/categories?post=7605"},{"taxonomy":"post_tag","embeddable":true,"href":"https:\/\/elpueblonoticia.com.ar\/web\/wp-json\/wp\/v2\/tags?post=7605"}],"curies":[{"name":"wp","href":"https:\/\/api.w.org\/{rel}","templated":true}]}}