{"id":7576,"date":"2026-03-05T10:44:46","date_gmt":"2026-03-05T13:44:46","guid":{"rendered":"https:\/\/elpueblonoticia.com.ar\/web\/?p=7576"},"modified":"2026-03-05T10:44:46","modified_gmt":"2026-03-05T13:44:46","slug":"por-una-amenaza-de-iran-argentina-refuerza-la-seguridad-en-la-embajada-de-israel","status":"publish","type":"post","link":"https:\/\/elpueblonoticia.com.ar\/web\/2026\/03\/05\/por-una-amenaza-de-iran-argentina-refuerza-la-seguridad-en-la-embajada-de-israel\/","title":{"rendered":"Por una amenaza de Ir\u00e1n, Argentina refuerza la seguridad en la embajada de Israel"},"content":{"rendered":"<h2>En medio de la ofensiva militar conjunta de Estados Unidos e Israel contra Ir\u00e1n, advirtieron que las embajadas pueden ser objetivos. La cartera de Seguridad elev\u00f3 el nivel de alerta<\/h2>\n<p><img data-src=\"https:\/\/www-baenegocios-com.cdn.ampproject.org\/ii\/AW\/s\/www.baenegocios.com\/files\/image\/335\/335695\/69a95b8b959f4_360_202!.webp?s=febcdc319ebcd0cefa5551341d06a446&amp;d=1772679600&amp;oe=jpg\" \/>Las autoridades argentinas mantienen los operativos de vigilancia y monitoreo preventivo en Buenos Aires y otras ciudades<\/p>\n<p>Tras la advertencia iran\u00ed de que las<b>\u00a0embajadas israel\u00edes<\/b>\u00a0podr\u00edan convertirse en\u00a0<b>&#8220;objetivos leg\u00edtimos&#8221;\u00a0<\/b>en distintos pa\u00edses, el Gobierno argentino dispuso reforzar la seguridad en sedes diplom\u00e1ticas y edificios vinculados a la<b>\u00a0comunidad jud\u00eda en Buenos Aires.<\/b><\/p>\n<p>El\u00a0<b>Ministerio de Seguridad de la Naci\u00f3n Argentina<\/b>\u00a0elev\u00f3 el nivel de alerta el s\u00e1bado pasado, despu\u00e9s de que\u00a0<b>Estados Unidos<\/b>\u00a0iniciara bombardeos contra instalaciones nucleares iran\u00edes en el marco de la ofensiva militar conjunta con Israel. Entre los puntos bajo vigilancia especial se encuentra la\u00a0<b>Embajada de Israel en Buenos Aires<\/b>, adem\u00e1s de otras instituciones comunitarias consideradas sensibles.<\/p>\n<p><b>&#8220;Todas las embajadas de Israel ser\u00e1n objetivos leg\u00edtimos&#8221;:\u00a0<\/b>la advertencia de Ir\u00e1n.<\/p>\n<div id=\"Parallax\" class=\"banner-in-text\"><\/div>\n<p>La decisi\u00f3n responde a la preocupaci\u00f3n generada por las declaraciones del\u00a0<b>portavoz de las fuerzas armadas iran\u00edes,\u00a0<\/b><b>Abolfazl Shekarchi<\/b>, quien asegur\u00f3 que las sedes diplom\u00e1ticas israel\u00edes en el exterior podr\u00edan ser atacadas\u00a0<b>si Israel golpea la misi\u00f3n iran\u00ed en\u00a0<\/b><b>L\u00edbano<\/b>, pa\u00eds donde act\u00faa el grupo aliado de Teher\u00e1n\u00a0<b>Hezbollah<\/b>.<\/p>\n<h2>Antecedentes que pesan<\/h2>\n<p>El refuerzo de seguridad en Argentina no es un dato menor. El pa\u00eds tiene antecedentes directos vinculados al conflicto de Medio Oriente: el atentado contra la\u00a0<b>Embajada de Israel en Buenos Aires<\/b>\u00a0<b>en 1992 y el<\/b>\u00a0<b>ataque terrorista contra la AMIA en 1994.<\/b>\u00a0Ambos atentados dejaron 115 muertos y cientos de heridos, y marcaron uno de los cap\u00edtulos m\u00e1s graves de terrorismo internacional en territorio argentino.<\/p>\n<p>Cada episodio de tensi\u00f3n entre Israel e Ir\u00e1n suele activar\u00a0<b>protocolos especiales de seguridad en el pa\u00eds<\/b>, especialmente alrededor de representaciones diplom\u00e1ticas, centros comunitarios y edificios institucionales vinculados a la colectividad jud\u00eda.<\/p>\n<h2>Se\u00f1ales desde el entorno iran\u00ed<\/h2>\n<p>Desde el entorno iran\u00ed intentaron bajar el nivel de preocupaci\u00f3n respecto de Argentina. El exagregado cultural de la embajada iran\u00ed en Buenos Aires\u00a0<b>Mohsen Rabbani\u00a0<\/b>y se\u00f1alado por la justicia argentina como uno de los\u00a0<b>presuntos responsables intelectuales del atentado contra la AMIA<\/b>, afirm\u00f3 que el pa\u00eds no ser\u00eda un objetivo de Teher\u00e1n.<\/p>\n<p><b>&#8220;Es incorrecto decir que Argentina, que est\u00e1 fuera de esta \u00e1rea, sea objetivo de algo&#8221;,<\/b>\u00a0se\u00f1al\u00f3 Rabbani durante una entrevista en un canal de streaming. Tambi\u00e9n sostuvo que &#8220;los argentinos son amigos&#8221; y que existe una relaci\u00f3n de respeto con la poblaci\u00f3n local.<\/p>\n","protected":false},"excerpt":{"rendered":"<p>En medio de la ofensiva militar conjunta de Estados Unidos e Israel contra Ir\u00e1n, advirtieron que las embajadas pueden ser objetivos. La cartera de Seguridad elev\u00f3 el nivel de alerta Las autoridades argentinas mantienen los operativos de vigilancia y monitoreo preventivo en Buenos Aires y otras ciudades Tras la advertencia iran\u00ed de que las\u00a0embajadas israel\u00edes\u00a0podr\u00edan [&hellip;]<\/p>\n","protected":false},"author":2,"featured_media":7577,"comment_status":"open","ping_status":"open","sticky":false,"template":"","format":"standard","meta":{"footnotes":""},"categories":[78],"tags":[],"class_list":{"0":"post-7576","1":"post","2":"type-post","3":"status-publish","4":"format-standard","5":"has-post-thumbnail","7":"category-generales"},"_links":{"self":[{"href":"https:\/\/elpueblonoticia.com.ar\/web\/wp-json\/wp\/v2\/posts\/7576","targetHints":{"allow":["GET"]}}],"collection":[{"href":"https:\/\/elpueblonoticia.com.ar\/web\/wp-json\/wp\/v2\/posts"}],"about":[{"href":"https:\/\/elpueblonoticia.com.ar\/web\/wp-json\/wp\/v2\/types\/post"}],"author":[{"embeddable":true,"href":"https:\/\/elpueblonoticia.com.ar\/web\/wp-json\/wp\/v2\/users\/2"}],"replies":[{"embeddable":true,"href":"https:\/\/elpueblonoticia.com.ar\/web\/wp-json\/wp\/v2\/comments?post=7576"}],"version-history":[{"count":1,"href":"https:\/\/elpueblonoticia.com.ar\/web\/wp-json\/wp\/v2\/posts\/7576\/revisions"}],"predecessor-version":[{"id":7578,"href":"https:\/\/elpueblonoticia.com.ar\/web\/wp-json\/wp\/v2\/posts\/7576\/revisions\/7578"}],"wp:featuredmedia":[{"embeddable":true,"href":"https:\/\/elpueblonoticia.com.ar\/web\/wp-json\/wp\/v2\/media\/7577"}],"wp:attachment":[{"href":"https:\/\/elpueblonoticia.com.ar\/web\/wp-json\/wp\/v2\/media?parent=7576"}],"wp:term":[{"taxonomy":"category","embeddable":true,"href":"https:\/\/elpueblonoticia.com.ar\/web\/wp-json\/wp\/v2\/categories?post=7576"},{"taxonomy":"post_tag","embeddable":true,"href":"https:\/\/elpueblonoticia.com.ar\/web\/wp-json\/wp\/v2\/tags?post=7576"}],"curies":[{"name":"wp","href":"https:\/\/api.w.org\/{rel}","templated":true}]}}