{"id":7564,"date":"2026-03-05T09:48:42","date_gmt":"2026-03-05T12:48:42","guid":{"rendered":"https:\/\/elpueblonoticia.com.ar\/web\/?p=7564"},"modified":"2026-03-05T09:48:42","modified_gmt":"2026-03-05T12:48:42","slug":"ruta-123-un-motociclista-murio-tras-chocar-contra-una-camioneta","status":"publish","type":"post","link":"https:\/\/elpueblonoticia.com.ar\/web\/2026\/03\/05\/ruta-123-un-motociclista-murio-tras-chocar-contra-una-camioneta\/","title":{"rendered":"Ruta 123: un motociclista muri\u00f3 tras chocar contra una camioneta"},"content":{"rendered":"<div class=\"contenido\">\n<div id=\"modalIntrotext\">\n<div>Un motociclista muri\u00f3 tras chocar contra una camioneta sobre la Ruta Nacional N\u00b0 123 cerca de la localidad de 9 de Julio. El siniestro fatal ocurri\u00f3 ayer de madrugada a la altura del kil\u00f3metro 36\/8 donde un autom\u00f3vil y una motocicleta colisionaron de manera violenta.<\/div>\n<\/div>\n<\/div>\n<div><\/div>\n<div><\/div>\n<div><\/div>\n<div class=\"contenido\">\n<div id=\"modalFulltext\">Seg\u00fan los primeros informes policiales, los protagonistas del choque fueron una camioneta Volkswagen T-Cross, en la que viajaba un hombre de apellido Silva (36 a\u00f1os) acompa\u00f1ado por una mujer mayor de edad, y una motocicleta de marca Honda.<\/p>\n<p>Producto del fuerte impacto, el conductor de la moto falleci\u00f3 en el lugar de manera instant\u00e1nea. Hasta el momento, las autoridades no han podido establecer la identidad de la v\u00edctima fatal.<\/p>\n<p>Efectivos de la Comisar\u00eda de distrito 9 de Julio trabajaron en la zona realizando las diligencias de rigor junto a los peritos, bajo la \u00f3rbita de la unidad fiscal en turno, para determinar las causas exactas que desencadenaron la tragedia.<\/p>\n<\/div>\n<div>\n<div id=\"117986-4\"><\/div>\n<div id=\"117986-6\"><\/div>\n<div id=\"117986-3\"><\/div>\n<\/div>\n<\/div>\n<div class=\"modalRedes\"><\/div>\n","protected":false},"excerpt":{"rendered":"<p>Un motociclista muri\u00f3 tras chocar contra una camioneta sobre la Ruta Nacional N\u00b0 123 cerca de la localidad de 9 de Julio. El siniestro fatal ocurri\u00f3 ayer de madrugada a la altura del kil\u00f3metro 36\/8 donde un autom\u00f3vil y una motocicleta colisionaron de manera violenta. Seg\u00fan los primeros informes policiales, los protagonistas del choque fueron [&hellip;]<\/p>\n","protected":false},"author":2,"featured_media":7565,"comment_status":"open","ping_status":"open","sticky":false,"template":"","format":"standard","meta":{"footnotes":""},"categories":[68],"tags":[],"class_list":{"0":"post-7564","1":"post","2":"type-post","3":"status-publish","4":"format-standard","5":"has-post-thumbnail","7":"category-policiales-nacionales"},"_links":{"self":[{"href":"https:\/\/elpueblonoticia.com.ar\/web\/wp-json\/wp\/v2\/posts\/7564","targetHints":{"allow":["GET"]}}],"collection":[{"href":"https:\/\/elpueblonoticia.com.ar\/web\/wp-json\/wp\/v2\/posts"}],"about":[{"href":"https:\/\/elpueblonoticia.com.ar\/web\/wp-json\/wp\/v2\/types\/post"}],"author":[{"embeddable":true,"href":"https:\/\/elpueblonoticia.com.ar\/web\/wp-json\/wp\/v2\/users\/2"}],"replies":[{"embeddable":true,"href":"https:\/\/elpueblonoticia.com.ar\/web\/wp-json\/wp\/v2\/comments?post=7564"}],"version-history":[{"count":1,"href":"https:\/\/elpueblonoticia.com.ar\/web\/wp-json\/wp\/v2\/posts\/7564\/revisions"}],"predecessor-version":[{"id":7566,"href":"https:\/\/elpueblonoticia.com.ar\/web\/wp-json\/wp\/v2\/posts\/7564\/revisions\/7566"}],"wp:featuredmedia":[{"embeddable":true,"href":"https:\/\/elpueblonoticia.com.ar\/web\/wp-json\/wp\/v2\/media\/7565"}],"wp:attachment":[{"href":"https:\/\/elpueblonoticia.com.ar\/web\/wp-json\/wp\/v2\/media?parent=7564"}],"wp:term":[{"taxonomy":"category","embeddable":true,"href":"https:\/\/elpueblonoticia.com.ar\/web\/wp-json\/wp\/v2\/categories?post=7564"},{"taxonomy":"post_tag","embeddable":true,"href":"https:\/\/elpueblonoticia.com.ar\/web\/wp-json\/wp\/v2\/tags?post=7564"}],"curies":[{"name":"wp","href":"https:\/\/api.w.org\/{rel}","templated":true}]}}