{"id":7553,"date":"2026-03-05T08:18:06","date_gmt":"2026-03-05T11:18:06","guid":{"rendered":"https:\/\/elpueblonoticia.com.ar\/web\/?p=7553"},"modified":"2026-03-05T08:18:06","modified_gmt":"2026-03-05T11:18:06","slug":"nahuel-gallo-tras-haber-pasado-448-dias-preso-en-venezuela-estuve-en-un-lugar-de-muchisima-tortura","status":"publish","type":"post","link":"https:\/\/elpueblonoticia.com.ar\/web\/2026\/03\/05\/nahuel-gallo-tras-haber-pasado-448-dias-preso-en-venezuela-estuve-en-un-lugar-de-muchisima-tortura\/","title":{"rendered":"Nahuel Gallo, tras haber pasado 448 d\u00edas preso en Venezuela: \u201cEstuve en un lugar de much\u00edsima tortura\u201d"},"content":{"rendered":"<div class=\"contenido\">\n<div id=\"modalIntrotext\">\n<div>\u201cEstoy tratando de poder reinsertarme en la sociedad\u201d, declar\u00f3 el gendarme que estuvo encarcelado por el chavismo en la c\u00e1rcel de El Rodeo 1. La ministra de Seguridad, Alejandra Monteoliva, el canciller Pablo Quirno y el jefe de la Gendarmer\u00eda Nacional lo acompa\u00f1aron en el acto.<\/div>\n<\/div>\n<div><\/div>\n<div id=\"modalFulltext\">Luego de haber sido puesto en libertad en Venezuela, Nahuel Gallo habl\u00f3 por primera vez esta tarde sobre su detenci\u00f3n en la c\u00e1rcel El Rodeo 1 y cont\u00f3 c\u00f3mo fueron sus primeros d\u00edas en la Argentina.<\/p>\n<p>\u201cYo soy Nahuel Gallo. S\u00e9 que no es f\u00e1cil estar ac\u00e1 adelante de ustedes. Yo ped\u00ed declarar. He visto muy poco, tengo muy poca informaci\u00f3n, estoy asimilando todo. Pero fui yo quien pidi\u00f3 un momento para dar mi palabra\u201c, comenz\u00f3 el gendarme su mensaje en una conferencia de prensa en Buenos Aires.<\/p>\n<p>Tambi\u00e9n asegur\u00f3 que se encuentra bien de salud y que le siguen haciendo chequeos. \u201cEstoy tratando de poder reinsertarme en la sociedad. Estoy tranquilo, con familia\u201d, dijo.<\/p>\n<p>\u201cEl Rodeo 1 no es muy bueno, es un lugar de much\u00edsima tortura psicol\u00f3gica y no muy grata para contar en estos momentos. Solamente con pensarlo titubeo\u201d, relat\u00f3 sobre la c\u00e1rcel donde permaneci\u00f3 detenido.<\/p>\n<p>Precis\u00f3 que todav\u00eda hay 24 extranjeros que esperan ser liberados: \u201cAh\u00ed no te avisan qu\u00e9 vas a hacer o qu\u00e9 va a pasar. Es incertidumbre y muchos pensamientos sobre lo que va a pasar. Gracias a Dios, tuve mucha fortaleza mental. Mi hijo fue lo \u00fanico que me mantuvo fuerte\u201c.<\/p>\n<p>\u201cNo es f\u00e1cil estar incomunicado, no es f\u00e1cil haber perdido la libertad injustamente y que te acusen de delitos. Los extranjeros no ten\u00edamos visitas ni llamadas. Yo sigo encerrado, hasta que no liberen a los extranjeros del Rodeo yo no estoy libre&#8221;, remarc\u00f3.<\/p>\n<p>Desde su llegada, permanece aislado en el edificio Centinela. Al respecto, aclar\u00f3: \u201cEsta es mi casa, me siento parte. He defendido a esta instituci\u00f3n y a mi bandera. Y me han hecho saber en el estado venezolano que Argentina me ha pedido\u201d.<\/p>\n<p>Asimismo, manifest\u00f3: \u201cNo quiero contar las atrocidades que hicieron, no me siento preparado. Pero quer\u00eda pedirle a todas las organizaciones que no se olviden del Rodeo 1 y de todos los centros penales. No podemos mirar para otro lado. Venezuela est\u00e1 en una supuesta transici\u00f3n, pero los presos pol\u00edticos esperan ser liberados\u201d.<\/p>\n<p>Sobre el final, cont\u00f3 una an\u00e9cdota: \u201c\u2018\u00bfPor qu\u00e9 sos tan patriota?\u2019, me preguntaban. Yo no me daba cuenta, pero gritaba orgullosamente que soy argentino. Hac\u00eda mi bandera derritiendo el jab\u00f3n celeste y blanco. Era lo \u00fanico que me hac\u00eda sentir en casa. Por eso estoy muy feliz de estar de nuevo en mi patria&#8221;, cerr\u00f3.<\/p>\n<p>Le\u00e9 tambi\u00e9n: La Justicia cit\u00f3 a Nahuel Gallo para que declare como testigo por las violaciones de los DDHH cometidas por el chavismo<\/p>\n<p>La conferencia de prensa fue en el edificio Centinela y estuvieron presentes la ministra de Seguridad, Alejandra Monteoliva, el jefe de la Gendarmer\u00eda Nacional, comandante general Claudio Brilloni, y el canciller Pablo Quirno.<\/p>\n<p>Tras el breve acto, la senadora de La Libertad Avanza, Patricia Bullrich, se expres\u00f3 a trav\u00e9s de X: &#8220;Nahuel, est\u00e1s en tu casa. Y nos emociona tenerte ac\u00e1. Nunca dejamos de trabajar para traerte de vuelta. Nunca bajamos los brazos. Seguimos trabajando para lograr la liberaci\u00f3n de Germ\u00e1n, y compartimos tu pedido de que TODOS los presos pol\u00edticos deben ser liberados. Nuestro principal valor hoy lo dijiste en una sola palabra: libertad&#8221;.<\/p>\n<p>Gallo fue liberado este domingo luego de haber estado 448 d\u00edas detenido en la c\u00e1rcel El Rodeo 1. Lleg\u00f3 al pa\u00eds con una comitiva de la AFA en la madrugada del lunes. All\u00ed fue recibido por su esposa, Mar\u00eda Alexandra, su hijo V\u00edctor, de 3 a\u00f1os, su madre Griselda Heredia y funcionarios nacionales.<\/p>\n<p>La primera imagen que trascendi\u00f3 de \u00e9l fue en el aeropuerto con el nene en brazos, en medio de un fuerte operativo de seguridad y hermetismo oficial.<\/p>\n<p>A partir de entonces, Gallo se mantuvo resguardado en el complejo perteneciente a la Gendarmer\u00eda, donde comenzaron a realizarle estudios m\u00e9dicos para corroborar su estado de salud.<\/p>\n<p>Milei recibir\u00e1 al gendarme en los pr\u00f3ximos d\u00edas<\/p>\n<p>El presidente Javier Milei tiene previsto recibir en los pr\u00f3ximos d\u00edas al gendarme. El encuentro se concretar\u00eda una vez que complete el protocolo de ex\u00e1menes m\u00e9dicos establecidos por la fuerza, que incluyen evaluaciones f\u00edsicas, psicol\u00f3gicas y psiqui\u00e1tricas en el edificio de Gendarmer\u00eda.<\/p>\n<p>Seg\u00fan pudo saber TN, el jefe de Estado espera que Gallo est\u00e9 \u201cbien y en condiciones\u201d antes de concretar la audiencia. En ese marco, en el Gobierno subrayan que est\u00e1n siguiendo \u201clos protocolos establecidos regularmente\u201d y que, una vez concluidos los estudios, el gendarme podr\u00e1 regresar a su antiguo domicilio o radicarse donde \u00e9l decida. En el mismo sentido, se inform\u00f3 que hay posibilidades de que pueda quedarse en Buenos Aires para mantenerse cerca de su familia.<\/p>\n<p>La intenci\u00f3n oficial es, adem\u00e1s, otorgarle un reconocimiento luego de que estuviera 448 d\u00edas detenido en la c\u00e1rcel de El Rodeo. No se tratar\u00e1 de la Orden de Mayo, una distinci\u00f3n reservada a civiles, pero s\u00ed de una condecoraci\u00f3n, seg\u00fan indicaron fuentes de Casa Rosada.<\/p><\/div>\n<div>\n<div id=\"117986-4\"><\/div>\n<div id=\"117986-6\"><\/div>\n<div id=\"117986-3\"><\/div>\n<\/div>\n<\/div>\n<div class=\"modalRedes\"><\/div>\n","protected":false},"excerpt":{"rendered":"<p>\u201cEstoy tratando de poder reinsertarme en la sociedad\u201d, declar\u00f3 el gendarme que estuvo encarcelado por el chavismo en la c\u00e1rcel de El Rodeo 1. La ministra de Seguridad, Alejandra Monteoliva, el canciller Pablo Quirno y el jefe de la Gendarmer\u00eda Nacional lo acompa\u00f1aron en el acto. Luego de haber sido puesto en libertad en Venezuela, [&hellip;]<\/p>\n","protected":false},"author":2,"featured_media":7556,"comment_status":"open","ping_status":"open","sticky":false,"template":"","format":"standard","meta":{"footnotes":""},"categories":[64],"tags":[],"class_list":{"0":"post-7553","1":"post","2":"type-post","3":"status-publish","4":"format-standard","5":"has-post-thumbnail","7":"category-nacionales"},"_links":{"self":[{"href":"https:\/\/elpueblonoticia.com.ar\/web\/wp-json\/wp\/v2\/posts\/7553","targetHints":{"allow":["GET"]}}],"collection":[{"href":"https:\/\/elpueblonoticia.com.ar\/web\/wp-json\/wp\/v2\/posts"}],"about":[{"href":"https:\/\/elpueblonoticia.com.ar\/web\/wp-json\/wp\/v2\/types\/post"}],"author":[{"embeddable":true,"href":"https:\/\/elpueblonoticia.com.ar\/web\/wp-json\/wp\/v2\/users\/2"}],"replies":[{"embeddable":true,"href":"https:\/\/elpueblonoticia.com.ar\/web\/wp-json\/wp\/v2\/comments?post=7553"}],"version-history":[{"count":1,"href":"https:\/\/elpueblonoticia.com.ar\/web\/wp-json\/wp\/v2\/posts\/7553\/revisions"}],"predecessor-version":[{"id":7557,"href":"https:\/\/elpueblonoticia.com.ar\/web\/wp-json\/wp\/v2\/posts\/7553\/revisions\/7557"}],"wp:featuredmedia":[{"embeddable":true,"href":"https:\/\/elpueblonoticia.com.ar\/web\/wp-json\/wp\/v2\/media\/7556"}],"wp:attachment":[{"href":"https:\/\/elpueblonoticia.com.ar\/web\/wp-json\/wp\/v2\/media?parent=7553"}],"wp:term":[{"taxonomy":"category","embeddable":true,"href":"https:\/\/elpueblonoticia.com.ar\/web\/wp-json\/wp\/v2\/categories?post=7553"},{"taxonomy":"post_tag","embeddable":true,"href":"https:\/\/elpueblonoticia.com.ar\/web\/wp-json\/wp\/v2\/tags?post=7553"}],"curies":[{"name":"wp","href":"https:\/\/api.w.org\/{rel}","templated":true}]}}