{"id":7545,"date":"2026-03-05T07:55:46","date_gmt":"2026-03-05T10:55:46","guid":{"rendered":"https:\/\/elpueblonoticia.com.ar\/web\/?p=7545"},"modified":"2026-03-05T07:55:46","modified_gmt":"2026-03-05T10:55:46","slug":"preocupacion-en-goya-por-el-aumento-de-casos-de-sifilis-y-la-obesidad-infantil","status":"publish","type":"post","link":"https:\/\/elpueblonoticia.com.ar\/web\/2026\/03\/05\/preocupacion-en-goya-por-el-aumento-de-casos-de-sifilis-y-la-obesidad-infantil\/","title":{"rendered":"Preocupaci\u00f3n en Goya por el aumento de casos de s\u00edfilis y la obesidad infantil"},"content":{"rendered":"<div id=\"modalIntrotext\">\n<div>El subsecretario de Atenci\u00f3n Primaria de la Salud de la Municipalidad de Goya, Emilio Mart\u00ednez, advirti\u00f3 sobre el crecimiento de casos de s\u00edfilis en adultos j\u00f3venes, adolescentes y embarazadas, y remarc\u00f3 la necesidad de reforzar la prevenci\u00f3n y los controles m\u00e9dicos. En el marco del D\u00eda Mundial contra la Obesidad, tambi\u00e9n llam\u00f3 a combatir el sedentarismo infantil y el exceso de pantallas con m\u00e1s actividad f\u00edsica y acompa\u00f1amiento familiar.<\/div>\n<\/div>\n<div><\/div>\n<div><\/div>\n<div><\/div>\n<div><\/div>\n<div><\/div>\n<div id=\"modalFulltext\">En Argentina, los casos de s\u00edfilis est\u00e1n en aumento, y no es un dato menor.<\/p>\n<p>La s\u00edfilis es una infecci\u00f3n de transmisi\u00f3n sexual que muchas veces no presenta s\u00edntomas en sus primeras etapas, pero puede traer consecuencias graves si no se detecta y trata a tiempo.<\/p>\n<p>&#8220;Ha aumentado los casos de s\u00edfilis, sobre todo en adultos j\u00f3venes, adolescentes y embarazadas&#8221; sum\u00f3.<\/p>\n<p>\u00bfPor qu\u00e9 est\u00e1 aumentando?<\/p>\n<p>&#8211; Menor uso de preservativo.<\/p>\n<p>&#8211; Falsa sensaci\u00f3n de que las ITS ya no representan un riesgo.<\/p>\n<p>&#8211; Falta de controles m\u00e9dicos peri\u00f3dicos.<\/p>\n<p>Uno de los datos m\u00e1s preocupantes es el aumento de casos en mujeres embarazadas, lo que puede afectar directamente al beb\u00e9.<\/p>\n<p>La buena noticia es que la s\u00edfilis se detecta con un an\u00e1lisis simple y tiene tratamiento efectivo. Pero es fundamental realizarse los controles.<\/p>\n<p>Desde la Subsecretar\u00eda de Salud seguimos trabajando en prevenci\u00f3n, concientizaci\u00f3n y acceso a controles para toda la comunidad.<\/p>\n<p>Prevenci\u00f3n, preservativo y chequeos m\u00e9dicos peri\u00f3dicos. La salud sexual tambi\u00e9n es salud p\u00fablica.<\/p>\n<p>Adelant\u00f3 que se est\u00e1 analizando un trabajo de concientizaci\u00f3n con talleres y charlas en colegios, con la Secretaria de Educaci\u00f3n, para abordar esta problem\u00e1tica &#8220;as\u00ed que vamos a trabajar fuertemente en esto&#8221;.<\/p>\n<p>OBESIDAD INFANTIL<\/p>\n<p>En la parte final, el subsecretario de APS realiz\u00f3 consideraciones sobre la preocupaci\u00f3n por el exceso de peso en la infancia, hecho que vuelve a ocupar un lugar central en la conversaci\u00f3n sobre salud p\u00fablica.<\/p>\n<p>Aprovech\u00f3 la oportunidad para recordar que hoy 4 de marzo: D\u00eda Mundial contra la Obesidad, es una oportunidad para recordar que una detecci\u00f3n temprana y un acompa\u00f1amiento adecuado pueden mejorar el bienestar del ni\u00f1o en el presente y reducir riesgos a medio y largo plazo.<\/p>\n<p>&#8220;Hoy d\u00eda los excesos frente a las pantallas preocupan a los pediatras, as\u00ed que lo mejor es desarrollar actividad f\u00edsica al aire libre, el deporte y los juegos recreativos. Hay que incentivar a los chicos a volver a la vida con actividades deportivas y la conectividad con otras personas&#8221; concluy\u00f3.<\/p><\/div>\n","protected":false},"excerpt":{"rendered":"<p>El subsecretario de Atenci\u00f3n Primaria de la Salud de la Municipalidad de Goya, Emilio Mart\u00ednez, advirti\u00f3 sobre el crecimiento de casos de s\u00edfilis en adultos j\u00f3venes, adolescentes y embarazadas, y remarc\u00f3 la necesidad de reforzar la prevenci\u00f3n y los controles m\u00e9dicos. En el marco del D\u00eda Mundial contra la Obesidad, tambi\u00e9n llam\u00f3 a combatir el [&hellip;]<\/p>\n","protected":false},"author":2,"featured_media":7546,"comment_status":"open","ping_status":"open","sticky":false,"template":"","format":"standard","meta":{"footnotes":""},"categories":[56],"tags":[],"class_list":{"0":"post-7545","1":"post","2":"type-post","3":"status-publish","4":"format-standard","5":"has-post-thumbnail","7":"category-locales"},"_links":{"self":[{"href":"https:\/\/elpueblonoticia.com.ar\/web\/wp-json\/wp\/v2\/posts\/7545","targetHints":{"allow":["GET"]}}],"collection":[{"href":"https:\/\/elpueblonoticia.com.ar\/web\/wp-json\/wp\/v2\/posts"}],"about":[{"href":"https:\/\/elpueblonoticia.com.ar\/web\/wp-json\/wp\/v2\/types\/post"}],"author":[{"embeddable":true,"href":"https:\/\/elpueblonoticia.com.ar\/web\/wp-json\/wp\/v2\/users\/2"}],"replies":[{"embeddable":true,"href":"https:\/\/elpueblonoticia.com.ar\/web\/wp-json\/wp\/v2\/comments?post=7545"}],"version-history":[{"count":1,"href":"https:\/\/elpueblonoticia.com.ar\/web\/wp-json\/wp\/v2\/posts\/7545\/revisions"}],"predecessor-version":[{"id":7547,"href":"https:\/\/elpueblonoticia.com.ar\/web\/wp-json\/wp\/v2\/posts\/7545\/revisions\/7547"}],"wp:featuredmedia":[{"embeddable":true,"href":"https:\/\/elpueblonoticia.com.ar\/web\/wp-json\/wp\/v2\/media\/7546"}],"wp:attachment":[{"href":"https:\/\/elpueblonoticia.com.ar\/web\/wp-json\/wp\/v2\/media?parent=7545"}],"wp:term":[{"taxonomy":"category","embeddable":true,"href":"https:\/\/elpueblonoticia.com.ar\/web\/wp-json\/wp\/v2\/categories?post=7545"},{"taxonomy":"post_tag","embeddable":true,"href":"https:\/\/elpueblonoticia.com.ar\/web\/wp-json\/wp\/v2\/tags?post=7545"}],"curies":[{"name":"wp","href":"https:\/\/api.w.org\/{rel}","templated":true}]}}