{"id":7529,"date":"2026-03-05T07:32:14","date_gmt":"2026-03-05T10:32:14","guid":{"rendered":"https:\/\/elpueblonoticia.com.ar\/web\/?p=7529"},"modified":"2026-03-05T07:32:14","modified_gmt":"2026-03-05T10:32:14","slug":"eduardo-coudet-asumio-en-river-hay-que-ganar-campeonatos","status":"publish","type":"post","link":"https:\/\/elpueblonoticia.com.ar\/web\/2026\/03\/05\/eduardo-coudet-asumio-en-river-hay-que-ganar-campeonatos\/","title":{"rendered":"Eduardo Coudet asumi\u00f3 en River: &#8220;Hay que ganar campeonatos&#8221;"},"content":{"rendered":"<div id=\"modalIntrotext\">\n<div>Chacho fue presentado este mi\u00e9rcoles como nuevo entrenador en el estadio Monumental y expuso sus objetivos ante la prensa. El t\u00e9cnico firm\u00f3 contrato hasta diciembre de 2027 y habl\u00f3 de juveniles, del legado de Marcelo Gallardo y de la exigencia que implica el cargo.<\/div>\n<div>\u00a0River oficializ\u00f3 esta ma\u00f1ana la llegada de Eduardo Coudet, que regres\u00f3 al f\u00fatbol argentino tras seis a\u00f1os y sell\u00f3 su v\u00ednculo hasta diciembre de 2027. El entrenador arrib\u00f3 desde Espa\u00f1a cerca de las 4.30 y se traslad\u00f3 al estadio Monumental, donde a las 11.45 comenz\u00f3 la conferencia transmitida por el canal oficial del club, con presentaci\u00f3n a cargo de Stefano Di Carlo.<\/p>\n<p>En sus primeras palabras, Coudet marc\u00f3 el tono de su ciclo: &#8220;Queda trabajo por delante, comienza un lindo camino juntos, con mucha ilusi\u00f3n&#8221;, plante\u00f3. Luego fue m\u00e1s directo sobre el contexto que lo rodea: &#8220;Me gusta el l\u00edo, s\u00e9 la responsabilidad que tengo ac\u00e1&#8221;.<\/p>\n<p>El flamante t\u00e9cnico no esquiv\u00f3 la vara deportiva y dej\u00f3 una frase que sintetiz\u00f3 su postura: &#8220;No necesito ni cobertura ni esquivar ninguna responsabilidad. Hay que ganar campeonatos&#8221;. Y reforz\u00f3 esa idea con otra sentencia: &#8220;No vine a un cumplea\u00f1os, conozco este club&#8221;.<\/p>\n<p>Coudet tambi\u00e9n se refiri\u00f3 al proceso que dej\u00f3 atr\u00e1s Marcelo Gallardo, a quien defini\u00f3 como &#8220;el entrenador m\u00e1s ganador en la historia del club&#8221;. Sobre ese punto, sostuvo: &#8220;No es una situaci\u00f3n f\u00e1cil, se fue el entrenador m\u00e1s ganador en la historia del club&#8221;. Al respecto, agreg\u00f3: &#8220;Lo primero que hice fue comunicarme con Marcelo, a quien quiero agradecer p\u00fablicamente de coraz\u00f3n por sus palabras&#8221;.<\/p>\n<p>En cuanto al plantel, el DT dej\u00f3 en claro su criterio para los juveniles: &#8220;No miro las edades. Para m\u00ed juega el que mejor est\u00e1 por sus caracter\u00edsticas&#8221;. La definici\u00f3n apunt\u00f3 a la competencia interna y a la evaluaci\u00f3n puntual de cada futbolista.<\/p>\n<p>Por \u00faltimo, hizo referencia a su historia con el club: &#8220;Sab\u00eda que en alg\u00fan momento mi camino y el de River se iban a volver a cruzar&#8221;. Con 73 partidos dirigidos en Racing Club en 2019 como \u00faltimo antecedente en<\/p><\/div>\n<\/div>\n","protected":false},"excerpt":{"rendered":"<p>Chacho fue presentado este mi\u00e9rcoles como nuevo entrenador en el estadio Monumental y expuso sus objetivos ante la prensa. El t\u00e9cnico firm\u00f3 contrato hasta diciembre de 2027 y habl\u00f3 de juveniles, del legado de Marcelo Gallardo y de la exigencia que implica el cargo. \u00a0River oficializ\u00f3 esta ma\u00f1ana la llegada de Eduardo Coudet, que regres\u00f3 [&hellip;]<\/p>\n","protected":false},"author":2,"featured_media":7530,"comment_status":"open","ping_status":"open","sticky":false,"template":"","format":"standard","meta":{"footnotes":""},"categories":[76],"tags":[],"class_list":{"0":"post-7529","1":"post","2":"type-post","3":"status-publish","4":"format-standard","5":"has-post-thumbnail","7":"category-deportes"},"_links":{"self":[{"href":"https:\/\/elpueblonoticia.com.ar\/web\/wp-json\/wp\/v2\/posts\/7529","targetHints":{"allow":["GET"]}}],"collection":[{"href":"https:\/\/elpueblonoticia.com.ar\/web\/wp-json\/wp\/v2\/posts"}],"about":[{"href":"https:\/\/elpueblonoticia.com.ar\/web\/wp-json\/wp\/v2\/types\/post"}],"author":[{"embeddable":true,"href":"https:\/\/elpueblonoticia.com.ar\/web\/wp-json\/wp\/v2\/users\/2"}],"replies":[{"embeddable":true,"href":"https:\/\/elpueblonoticia.com.ar\/web\/wp-json\/wp\/v2\/comments?post=7529"}],"version-history":[{"count":1,"href":"https:\/\/elpueblonoticia.com.ar\/web\/wp-json\/wp\/v2\/posts\/7529\/revisions"}],"predecessor-version":[{"id":7531,"href":"https:\/\/elpueblonoticia.com.ar\/web\/wp-json\/wp\/v2\/posts\/7529\/revisions\/7531"}],"wp:featuredmedia":[{"embeddable":true,"href":"https:\/\/elpueblonoticia.com.ar\/web\/wp-json\/wp\/v2\/media\/7530"}],"wp:attachment":[{"href":"https:\/\/elpueblonoticia.com.ar\/web\/wp-json\/wp\/v2\/media?parent=7529"}],"wp:term":[{"taxonomy":"category","embeddable":true,"href":"https:\/\/elpueblonoticia.com.ar\/web\/wp-json\/wp\/v2\/categories?post=7529"},{"taxonomy":"post_tag","embeddable":true,"href":"https:\/\/elpueblonoticia.com.ar\/web\/wp-json\/wp\/v2\/tags?post=7529"}],"curies":[{"name":"wp","href":"https:\/\/api.w.org\/{rel}","templated":true}]}}