{"id":7524,"date":"2026-03-04T12:09:41","date_gmt":"2026-03-04T15:09:41","guid":{"rendered":"https:\/\/elpueblonoticia.com.ar\/web\/?p=7524"},"modified":"2026-03-04T12:09:41","modified_gmt":"2026-03-04T15:09:41","slug":"tragedia-en-corrientes-murio-en-accidente-un-subcomisario-de-la-policia-de-corrientes","status":"publish","type":"post","link":"https:\/\/elpueblonoticia.com.ar\/web\/2026\/03\/04\/tragedia-en-corrientes-murio-en-accidente-un-subcomisario-de-la-policia-de-corrientes\/","title":{"rendered":"Tragedia en Corrientes: muri\u00f3 en accidente un subcomisario de la polic\u00eda de Corrientes"},"content":{"rendered":"<div id=\"modalIntrotext\">\n<div>Intent\u00f3 adelantarse a un veh\u00edculo y se top\u00f3 con un cami\u00f3n que ven\u00eda de frente. Se trata del subcomisario Ariel de Jes\u00fas Segovia Cabral, jefe de la comisar\u00eda de Carlos Pellegrini, que perdi\u00f3 la vida tras protagonizar un choque frontal sobre la Ruta Nacional 14. El siniestro ocurri\u00f3 alrededor de las 20:30, a la altura del kil\u00f3metro 586, en la curva de ingreso a la ciudad de La Cruz, antes de llegar a la base del PRIAR.<\/div>\n<div><\/div>\n<div><\/div>\n<div><\/div>\n<div>\u00a0 \u00a0 \u00a0 \u00a0 De acuerdo a las primeras informaciones, Segovia Cabral circulaba en su veh\u00edculo en sentido norte\u2013sur cuando intent\u00f3 adelantarse a otro. En esa maniobra se encontr\u00f3 de frente con un cami\u00f3n que ven\u00eda en sentido contrario (sur\u2013norte), produci\u00e9ndose un impacto frontal.<\/p>\n<p>El cami\u00f3n es un Ford color bord\u00f3, de patente brasile\u00f1a, perteneciente a la empresa Contariu.<\/p>\n<p>En el lugar del accidente intervino el comisario inspector Claudio Fern\u00e1ndez, junto a personal policial y equipos de emergencia.<\/p>\n<p>El camionero fue identificado como Albano Airton Kohl y fue trasladado al hospital de La Cruz para recibir asistencia m\u00e9dica y evaluar su estado de salud.<\/p>\n<p>Se aguarda en las pr\u00f3ximas horas informaci\u00f3n oficial y detalles del operativo realizado en el lugar del siniestro.<\/p><\/div>\n<\/div>\n","protected":false},"excerpt":{"rendered":"<p>Intent\u00f3 adelantarse a un veh\u00edculo y se top\u00f3 con un cami\u00f3n que ven\u00eda de frente. Se trata del subcomisario Ariel de Jes\u00fas Segovia Cabral, jefe de la comisar\u00eda de Carlos Pellegrini, que perdi\u00f3 la vida tras protagonizar un choque frontal sobre la Ruta Nacional 14. El siniestro ocurri\u00f3 alrededor de las 20:30, a la altura [&hellip;]<\/p>\n","protected":false},"author":2,"featured_media":7525,"comment_status":"open","ping_status":"open","sticky":false,"template":"","format":"standard","meta":{"footnotes":""},"categories":[68],"tags":[],"class_list":{"0":"post-7524","1":"post","2":"type-post","3":"status-publish","4":"format-standard","5":"has-post-thumbnail","7":"category-policiales-nacionales"},"_links":{"self":[{"href":"https:\/\/elpueblonoticia.com.ar\/web\/wp-json\/wp\/v2\/posts\/7524","targetHints":{"allow":["GET"]}}],"collection":[{"href":"https:\/\/elpueblonoticia.com.ar\/web\/wp-json\/wp\/v2\/posts"}],"about":[{"href":"https:\/\/elpueblonoticia.com.ar\/web\/wp-json\/wp\/v2\/types\/post"}],"author":[{"embeddable":true,"href":"https:\/\/elpueblonoticia.com.ar\/web\/wp-json\/wp\/v2\/users\/2"}],"replies":[{"embeddable":true,"href":"https:\/\/elpueblonoticia.com.ar\/web\/wp-json\/wp\/v2\/comments?post=7524"}],"version-history":[{"count":1,"href":"https:\/\/elpueblonoticia.com.ar\/web\/wp-json\/wp\/v2\/posts\/7524\/revisions"}],"predecessor-version":[{"id":7526,"href":"https:\/\/elpueblonoticia.com.ar\/web\/wp-json\/wp\/v2\/posts\/7524\/revisions\/7526"}],"wp:featuredmedia":[{"embeddable":true,"href":"https:\/\/elpueblonoticia.com.ar\/web\/wp-json\/wp\/v2\/media\/7525"}],"wp:attachment":[{"href":"https:\/\/elpueblonoticia.com.ar\/web\/wp-json\/wp\/v2\/media?parent=7524"}],"wp:term":[{"taxonomy":"category","embeddable":true,"href":"https:\/\/elpueblonoticia.com.ar\/web\/wp-json\/wp\/v2\/categories?post=7524"},{"taxonomy":"post_tag","embeddable":true,"href":"https:\/\/elpueblonoticia.com.ar\/web\/wp-json\/wp\/v2\/tags?post=7524"}],"curies":[{"name":"wp","href":"https:\/\/api.w.org\/{rel}","templated":true}]}}