{"id":7516,"date":"2026-03-04T12:00:41","date_gmt":"2026-03-04T15:00:41","guid":{"rendered":"https:\/\/elpueblonoticia.com.ar\/web\/?p=7516"},"modified":"2026-03-04T12:00:41","modified_gmt":"2026-03-04T15:00:41","slug":"oficial-stefano-di-carlo-confirmo-que-chacho-coudet-es-el-nuevo-dt-de-river","status":"publish","type":"post","link":"https:\/\/elpueblonoticia.com.ar\/web\/2026\/03\/04\/oficial-stefano-di-carlo-confirmo-que-chacho-coudet-es-el-nuevo-dt-de-river\/","title":{"rendered":"Oficial: Stefano Di Carlo confirm\u00f3 que Chacho Coudet es el nuevo DT de River"},"content":{"rendered":"<p><strong>El presidente del Millonario, Stefano Di Carloas, segur\u00f3 que Coudet es el sucesor definitivo de Marcelo Gallardo. El anuncio se va a llevar a cabo el mi\u00e9rcoles.<\/strong><\/p>\n<p>&nbsp;<\/p>\n<section class=\"detail-body first-paragraph\">\n<section class=\"body-content note-body content-protected-false\" data-twitter-link=\"&lt;a href=\">\n<p data-path-to-node=\"4\">Tras varias semanas de especulaciones, finalmente hay humo blanco en N\u00fa\u00f1ez. El presidente de River Plate,\u00a0<b>Stefano Di Carlo<\/b>, confirm\u00f3 formalmente que\u00a0<strong data-path-to-node=\"4\" data-index-in-node=\"149\">Eduardo Coudet<\/strong>\u00a0ser\u00e1 el nuevo entrenador del primer equipo. &#8220;No le encontramos la vuelta, son esas cosas del f\u00fatbol&#8221;, dijo sobre el fallido ciclo de Marcelo Gallardo.<\/p>\n<\/section>\n<\/section>\n<section class=\"detail-body second-paragraph\">\n<section class=\"body-content note-body content-protected-false\">\n<p data-path-to-node=\"5\">En recientes declaraciones televisivas, el dirigente que asumi\u00f3 la conducci\u00f3n del club en noviembre del a\u00f1o pasado, ratific\u00f3 al ex DT de Racing como el flamante sucesor de la segunda y laureada etapa de Marcelo Gallardo.<\/p>\n<section class=\"detail-body\">\n<section class=\"body-content note-body content-protected-false\">\n<p data-path-to-node=\"6\"><em data-path-to-node=\"6\" data-index-in-node=\"0\">&#8220;Est\u00e1 confirmado y ma\u00f1ana vamos a estar haciendo el anuncio oficialmente&#8221;<\/em>, asegur\u00f3 el mandatario de la instituci\u00f3n de cara a los medios. Adem\u00e1s, brind\u00f3 certezas sobre los horarios de la esperada presentaci\u00f3n en el estadio:\u00a0<em data-path-to-node=\"6\" data-index-in-node=\"223\">&#8220;Si todo sale bien en detalles operativos, en torno al mediod\u00eda ser\u00e1&#8221;<\/em>.<\/p>\n<\/section>\n<\/section>\n<section class=\"detail-body\">\n<section class=\"body-content note-body content-protected-false\">\n<figure id=\"7717452-Libre-2134931950_wrap\" class=\"embed_cont type_imagen\">\n<div id=\"7717452-Libre-2134931950_content\" class=\"embed_content\"><img decoding=\"async\" src=\"https:\/\/media.minutouno.com\/p\/befdae530567553d513ecc5f46c6402b\/adjuntos\/150\/imagenes\/040\/260\/0040260835\/chacho-coudet-river.jpg\" data-src=\"https:\/\/media.minutouno.com\/p\/befdae530567553d513ecc5f46c6402b\/adjuntos\/150\/imagenes\/040\/260\/0040260835\/chacho-coudet-river.jpg\" data-td-src-property=\"&lt;a href=\" \/><\/div><figcaption class=\"embed_wrapper-cont\">\n<div id=\"7717452-Libre-2134931950_epigrafe\" class=\"embed_epigrafe\"><\/div>\n<\/figcaption><\/figure>\n<h2 data-path-to-node=\"7\"><strong>La salida de Marcelo Gallardo y &#8220;las cosas del f\u00fatbol&#8221;<\/strong><\/h2>\n<p data-path-to-node=\"8\">Durante la misma entrevista, Di Carlo tambi\u00e9n se tom\u00f3 un momento para reflexionar sobre la reciente e impactante salida del t\u00e9cnico m\u00e1s ganador en toda la historia de River.<\/p>\n<\/section>\n<\/section>\n<section class=\"detail-body\">\n<section class=\"body-content note-body content-protected-false\">\n<p data-path-to-node=\"9\">El presidente detall\u00f3 c\u00f3mo se intent\u00f3 sostener el proyecto hasta las \u00faltimas consecuencias:\u00a0<em data-path-to-node=\"9\" data-index-in-node=\"92\">&#8220;Me parece que con Gallardo fue un proceso en el que se insisti\u00f3, se persisti\u00f3 y se reincidi\u00f3 en el norte, en el rumbo. Fuimos haciendo revisiones en torno a decisiones que se fueron tomando en esta segunda etapa y, haciendo esas correcciones, nos preparamos para este inicio de a\u00f1o&#8221;<\/em>.<\/p>\n<p data-path-to-node=\"10\">Sin embargo, admiti\u00f3 con franqueza que el desgaste deportivo fue inevitable.\u00a0<em data-path-to-node=\"10\" data-index-in-node=\"77\">&#8220;En la \u00faltima charla con Marcelo le pregunt\u00e9 \u00b4\u00bfqu\u00e9 pudimos haber hecho distinto?\u00b4 y la verdad es que no le encontramos la vuelta, son esas cosas del f\u00fatbol. No hay tanta complejidad&#8221;<\/em>, concluy\u00f3 el dirigente.<\/p>\n<\/section>\n<\/section>\n<\/section>\n<\/section>\n","protected":false},"excerpt":{"rendered":"<p>El presidente del Millonario, Stefano Di Carloas, segur\u00f3 que Coudet es el sucesor definitivo de Marcelo Gallardo. El anuncio se va a llevar a cabo el mi\u00e9rcoles. &nbsp; Tras varias semanas de especulaciones, finalmente hay humo blanco en N\u00fa\u00f1ez. El presidente de River Plate,\u00a0Stefano Di Carlo, confirm\u00f3 formalmente que\u00a0Eduardo Coudet\u00a0ser\u00e1 el nuevo entrenador del primer [&hellip;]<\/p>\n","protected":false},"author":2,"featured_media":7517,"comment_status":"open","ping_status":"open","sticky":false,"template":"","format":"standard","meta":{"footnotes":""},"categories":[76],"tags":[],"class_list":{"0":"post-7516","1":"post","2":"type-post","3":"status-publish","4":"format-standard","5":"has-post-thumbnail","7":"category-deportes"},"_links":{"self":[{"href":"https:\/\/elpueblonoticia.com.ar\/web\/wp-json\/wp\/v2\/posts\/7516","targetHints":{"allow":["GET"]}}],"collection":[{"href":"https:\/\/elpueblonoticia.com.ar\/web\/wp-json\/wp\/v2\/posts"}],"about":[{"href":"https:\/\/elpueblonoticia.com.ar\/web\/wp-json\/wp\/v2\/types\/post"}],"author":[{"embeddable":true,"href":"https:\/\/elpueblonoticia.com.ar\/web\/wp-json\/wp\/v2\/users\/2"}],"replies":[{"embeddable":true,"href":"https:\/\/elpueblonoticia.com.ar\/web\/wp-json\/wp\/v2\/comments?post=7516"}],"version-history":[{"count":1,"href":"https:\/\/elpueblonoticia.com.ar\/web\/wp-json\/wp\/v2\/posts\/7516\/revisions"}],"predecessor-version":[{"id":7518,"href":"https:\/\/elpueblonoticia.com.ar\/web\/wp-json\/wp\/v2\/posts\/7516\/revisions\/7518"}],"wp:featuredmedia":[{"embeddable":true,"href":"https:\/\/elpueblonoticia.com.ar\/web\/wp-json\/wp\/v2\/media\/7517"}],"wp:attachment":[{"href":"https:\/\/elpueblonoticia.com.ar\/web\/wp-json\/wp\/v2\/media?parent=7516"}],"wp:term":[{"taxonomy":"category","embeddable":true,"href":"https:\/\/elpueblonoticia.com.ar\/web\/wp-json\/wp\/v2\/categories?post=7516"},{"taxonomy":"post_tag","embeddable":true,"href":"https:\/\/elpueblonoticia.com.ar\/web\/wp-json\/wp\/v2\/tags?post=7516"}],"curies":[{"name":"wp","href":"https:\/\/api.w.org\/{rel}","templated":true}]}}