{"id":7504,"date":"2026-03-04T11:46:46","date_gmt":"2026-03-04T14:46:46","guid":{"rendered":"https:\/\/elpueblonoticia.com.ar\/web\/?p=7504"},"modified":"2026-03-04T11:46:46","modified_gmt":"2026-03-04T14:46:46","slug":"campana-de-concientizacion-de-dengue","status":"publish","type":"post","link":"https:\/\/elpueblonoticia.com.ar\/web\/2026\/03\/04\/campana-de-concientizacion-de-dengue\/","title":{"rendered":"Campa\u00f1a de concientizaci\u00f3n de dengue"},"content":{"rendered":"<div id=\"modalIntrotext\">\n<div><\/div>\n<div><\/div>\n<div><img decoding=\"async\" src=\"https:\/\/www.powernoticias.com\/images\/202603040034234615\" \/><\/div>\n<div><img decoding=\"async\" src=\"https:\/\/www.powernoticias.com\/images\/202603040034102592\" \/><\/div>\n<div>El equipo municipal despleg\u00f3 una recorrida por los centros de salud, de atenci\u00f3n primaria municipal y pertenecientes a Salud P\u00fablica de la Provincia, acercando informaci\u00f3n, folleter\u00eda y recomendaciones en relaci\u00f3n a la campa\u00f1a de concientizaci\u00f3n del dengue.<\/div>\n<\/div>\n<div id=\"modalFulltext\"><\/div>\n<div><\/div>\n<div>De una manera creativa, incluyendo la figura del &#8220;mosquito&#8221; transmisor de la enfermedad, el equipo municipal durante la jornada del martes se acerc\u00f3 a los centros de atenci\u00f3n primaria de la salud, los correspondientes a la esfera municipal, como asimismo al \u00e1rea de salud p\u00fablica de la provincia.<\/p>\n<p>En tal sentido, el personal afectado a la tarea preventiva del dengue, visit\u00f3 las salas de APS, el Hospital Regional Goya y los Centros Integradores Comunitarios CIC Norte y Sur.<\/p>\n<p>El objetivo: establecer contacto con los pacientes que asisten a los mencionados centros de salud para brindar informaci\u00f3n, entregar la folleter\u00eda y las indicaciones para estar alerta y mantener apropiadamente los espacios hogare\u00f1os que puedan ser cultivo de la larva del Aedes Aegypti, para prevenir la enfermedad.<\/p>\n<p>Sin mosquito no hay dengue.<\/p><\/div>\n","protected":false},"excerpt":{"rendered":"<p>El equipo municipal despleg\u00f3 una recorrida por los centros de salud, de atenci\u00f3n primaria municipal y pertenecientes a Salud P\u00fablica de la Provincia, acercando informaci\u00f3n, folleter\u00eda y recomendaciones en relaci\u00f3n a la campa\u00f1a de concientizaci\u00f3n del dengue. De una manera creativa, incluyendo la figura del &#8220;mosquito&#8221; transmisor de la enfermedad, el equipo municipal durante la [&hellip;]<\/p>\n","protected":false},"author":2,"featured_media":7505,"comment_status":"open","ping_status":"open","sticky":false,"template":"","format":"standard","meta":{"footnotes":""},"categories":[56],"tags":[],"class_list":{"0":"post-7504","1":"post","2":"type-post","3":"status-publish","4":"format-standard","5":"has-post-thumbnail","7":"category-locales"},"_links":{"self":[{"href":"https:\/\/elpueblonoticia.com.ar\/web\/wp-json\/wp\/v2\/posts\/7504","targetHints":{"allow":["GET"]}}],"collection":[{"href":"https:\/\/elpueblonoticia.com.ar\/web\/wp-json\/wp\/v2\/posts"}],"about":[{"href":"https:\/\/elpueblonoticia.com.ar\/web\/wp-json\/wp\/v2\/types\/post"}],"author":[{"embeddable":true,"href":"https:\/\/elpueblonoticia.com.ar\/web\/wp-json\/wp\/v2\/users\/2"}],"replies":[{"embeddable":true,"href":"https:\/\/elpueblonoticia.com.ar\/web\/wp-json\/wp\/v2\/comments?post=7504"}],"version-history":[{"count":1,"href":"https:\/\/elpueblonoticia.com.ar\/web\/wp-json\/wp\/v2\/posts\/7504\/revisions"}],"predecessor-version":[{"id":7506,"href":"https:\/\/elpueblonoticia.com.ar\/web\/wp-json\/wp\/v2\/posts\/7504\/revisions\/7506"}],"wp:featuredmedia":[{"embeddable":true,"href":"https:\/\/elpueblonoticia.com.ar\/web\/wp-json\/wp\/v2\/media\/7505"}],"wp:attachment":[{"href":"https:\/\/elpueblonoticia.com.ar\/web\/wp-json\/wp\/v2\/media?parent=7504"}],"wp:term":[{"taxonomy":"category","embeddable":true,"href":"https:\/\/elpueblonoticia.com.ar\/web\/wp-json\/wp\/v2\/categories?post=7504"},{"taxonomy":"post_tag","embeddable":true,"href":"https:\/\/elpueblonoticia.com.ar\/web\/wp-json\/wp\/v2\/tags?post=7504"}],"curies":[{"name":"wp","href":"https:\/\/api.w.org\/{rel}","templated":true}]}}