{"id":7496,"date":"2026-03-04T11:20:48","date_gmt":"2026-03-04T14:20:48","guid":{"rendered":"https:\/\/elpueblonoticia.com.ar\/web\/?p=7496"},"modified":"2026-03-04T11:20:48","modified_gmt":"2026-03-04T14:20:48","slug":"la-afa-ratifico-el-paro-la-fecha-9-del-torneo-apertura-se-disputara-el-3-de-mayo","status":"publish","type":"post","link":"https:\/\/elpueblonoticia.com.ar\/web\/2026\/03\/04\/la-afa-ratifico-el-paro-la-fecha-9-del-torneo-apertura-se-disputara-el-3-de-mayo\/","title":{"rendered":"La AFA ratific\u00f3 el paro: la fecha 9 del Torneo Apertura se disputar\u00e1 el 3 de mayo"},"content":{"rendered":"<div id=\"modalIntrotext\">\n<div>En pleno conflicto abierto con la Justicia y el Gobierno, la Asociaci\u00f3n del F\u00fatbol Argentino decidi\u00f3 reprogramar la fecha 9.<\/div>\n<div><\/div>\n<div><\/div>\n<div>\u00a0 Buenos Aires, 3 marzo (NA) \u2013 La Asociaci\u00f3n del F\u00fatbol Argentino (AFA) decidi\u00f3 que mantendr\u00e1 el paro y confirm\u00f3 que la fecha 9 del Torneo Apertura se disputar\u00e1 el fin de semana del 3 de mayo.<\/p>\n<p>Seg\u00fan averigu\u00f3 la Agencia Noticias Argentinas, a partir del mediod\u00eda, los principales directivos de la AFA se reunieron en el predio de Ezeiza para definir los pasos a seguir y decidieron que este f\u00edn de semana no habr\u00e1 f\u00fatbol.<\/p>\n<p>\u201cLa fecha 9 del Torneo Apertura 2026 se disputar\u00e1 el fin de semana del 3 de mayo. Quedando establecido que los octavos de final se jugar\u00e1n el fin de semana del domingo 10 de mayo, los cuartos entre semana (mi\u00e9rcoles 13\/5), las semifinales el fin de semana del domingo 17, y la final el domingo 24 de mayo\u201d, detall\u00f3 la Liga Profesional de F\u00fatbol luego en sus redes sociales luego de la reuni\u00f3n que cont\u00f3 con los presidentes de los equipos de Primera Divisi\u00f3n.<\/p>\n<p>La AFA ya habr\u00eda notificado a los presidentes de los clubes las tres alternativas posibles para recuperar la fecha 9: las opciones son el 18 de marzo, el 22 de abril o el 13 de mayo. Cada instituci\u00f3n deber\u00e1 manifestar su preferencia para avanzar en la definici\u00f3n del nuevo cronograma.<br \/>\n<b><br \/>\nPor qu\u00e9 se reunieron los dirigentes<\/b><\/p>\n<div>\nLos 30 representantes de los clubes de la Liga Profesional se reunieron esta tarde para definir si se levantaba o no el paro estipulado para la fecha 9 del Torneo Apertura 2026.<\/p>\n<p>Esta decisi\u00f3n se tom\u00f3 por iniciativa del presidente Claudio \u201cChiqui\u201d Tapia debido a que la Justicia lo cit\u00f3 a declaraci\u00f3n indagatoria a las autoridades de la AFA en una causa por presuntas irregularidades fiscales.<\/p>\n<p>Desde el ente madre del f\u00fatbol argentino remarcaron que no existe deuda exigible y que los pagos cuestionados fueron realizados de manera voluntaria antes de sus respectivos vencimientos.__IP__<\/p>\n<p>Adem\u00e1s, aclararon que ese planteo ya fue presentado ante la Justicia y que actualmente se encuentra a resoluci\u00f3n de la C\u00e1mara de Apelaciones. Tambi\u00e9n acusaron al ARCA de intentar transformar obligaciones a\u00fan no vencidas en la base de un supuesto delito penal tributario.<\/p>\n<p>#AgenciaNA<\/p><\/div>\n<\/div>\n<\/div>\n","protected":false},"excerpt":{"rendered":"<p>En pleno conflicto abierto con la Justicia y el Gobierno, la Asociaci\u00f3n del F\u00fatbol Argentino decidi\u00f3 reprogramar la fecha 9. \u00a0 Buenos Aires, 3 marzo (NA) \u2013 La Asociaci\u00f3n del F\u00fatbol Argentino (AFA) decidi\u00f3 que mantendr\u00e1 el paro y confirm\u00f3 que la fecha 9 del Torneo Apertura se disputar\u00e1 el fin de semana del 3 [&hellip;]<\/p>\n","protected":false},"author":2,"featured_media":7497,"comment_status":"open","ping_status":"open","sticky":false,"template":"","format":"standard","meta":{"footnotes":""},"categories":[76],"tags":[],"class_list":{"0":"post-7496","1":"post","2":"type-post","3":"status-publish","4":"format-standard","5":"has-post-thumbnail","7":"category-deportes"},"_links":{"self":[{"href":"https:\/\/elpueblonoticia.com.ar\/web\/wp-json\/wp\/v2\/posts\/7496","targetHints":{"allow":["GET"]}}],"collection":[{"href":"https:\/\/elpueblonoticia.com.ar\/web\/wp-json\/wp\/v2\/posts"}],"about":[{"href":"https:\/\/elpueblonoticia.com.ar\/web\/wp-json\/wp\/v2\/types\/post"}],"author":[{"embeddable":true,"href":"https:\/\/elpueblonoticia.com.ar\/web\/wp-json\/wp\/v2\/users\/2"}],"replies":[{"embeddable":true,"href":"https:\/\/elpueblonoticia.com.ar\/web\/wp-json\/wp\/v2\/comments?post=7496"}],"version-history":[{"count":1,"href":"https:\/\/elpueblonoticia.com.ar\/web\/wp-json\/wp\/v2\/posts\/7496\/revisions"}],"predecessor-version":[{"id":7498,"href":"https:\/\/elpueblonoticia.com.ar\/web\/wp-json\/wp\/v2\/posts\/7496\/revisions\/7498"}],"wp:featuredmedia":[{"embeddable":true,"href":"https:\/\/elpueblonoticia.com.ar\/web\/wp-json\/wp\/v2\/media\/7497"}],"wp:attachment":[{"href":"https:\/\/elpueblonoticia.com.ar\/web\/wp-json\/wp\/v2\/media?parent=7496"}],"wp:term":[{"taxonomy":"category","embeddable":true,"href":"https:\/\/elpueblonoticia.com.ar\/web\/wp-json\/wp\/v2\/categories?post=7496"},{"taxonomy":"post_tag","embeddable":true,"href":"https:\/\/elpueblonoticia.com.ar\/web\/wp-json\/wp\/v2\/tags?post=7496"}],"curies":[{"name":"wp","href":"https:\/\/api.w.org\/{rel}","templated":true}]}}