{"id":7492,"date":"2026-03-04T11:11:20","date_gmt":"2026-03-04T14:11:20","guid":{"rendered":"https:\/\/elpueblonoticia.com.ar\/web\/?p=7492"},"modified":"2026-03-04T11:11:20","modified_gmt":"2026-03-04T14:11:20","slug":"maria-noguera-y-jose-pena-padres-de-loan-nos-arrepentimos-de-haber-contratado-a-burlando","status":"publish","type":"post","link":"https:\/\/elpueblonoticia.com.ar\/web\/2026\/03\/04\/maria-noguera-y-jose-pena-padres-de-loan-nos-arrepentimos-de-haber-contratado-a-burlando\/","title":{"rendered":"Mar\u00eda Noguera y Jos\u00e9 Pe\u00f1a, padres de Loan: &#8220;Nos arrepentimos de haber contratado a Burlando&#8221;"},"content":{"rendered":"<div>\n<div class=\"article__headline\"><strong>Los familiares aseguraron que se arrepienten de haber contratado al medi\u00e1tico abogado. &#8220;No presentaba nada en el juzgado&#8221;, afirmaron. Denunciaron un &#8220;show televisivo&#8221;.<\/strong><\/div>\n<p>&nbsp;<\/p>\n<p>A medida que se acerca el segundo aniversario de la desaparici\u00f3n de\u00a0<strong>Loan Danilo Pe\u00f1a<\/strong>, sus padres, Mar\u00eda Noguera y Jos\u00e9 Pe\u00f1a, realizaron duras declaraciones que sacudieron el tablero medi\u00e1tico y judicial. En una entrevista reciente, cargaron contra su exabogado,\u00a0<strong>Fernando Burlando<\/strong>, a quien acusaron de priorizar la exposici\u00f3n en los medios por sobre el avance real de la causa.<\/p>\n<p>&#8220;Nos arrepentimos. Nos dimos cuenta pronto. Burlando no hac\u00eda nada, no presentaba nada; era todo para la televisi\u00f3n&#8221;, sentenci\u00f3 Mar\u00eda Noguera sin vueltas.<\/p>\n<p>Por su parte, Jos\u00e9 Pe\u00f1a relat\u00f3 el momento en que descubrieron la supuesta inacci\u00f3n: &#8220;Encontramos todos los papeles ah\u00ed arriba de la mesa en casa. Le hac\u00eda firmar a mi hijo y quedaban ah\u00ed. Se perdi\u00f3 un tiempo muy valioso&#8221;.<\/p>\n<p>En contrapartida, manifestaron su conformidad con su actual letrado,\u00a0<strong>Alejandro Vecchi<\/strong>, destacando que &#8220;se nota que est\u00e1 trabajando y no es el show de la c\u00e1mara&#8221;.<\/p>\n<h2><strong>El misterio del naranjal y las sospechas sobre Laudelina<\/strong><\/h2>\n<p>La familia no oculta su desconfianza hacia el c\u00edrculo \u00edntimo que estuvo presente aquel 9 de junio en el paraje Algarrobal. Para Mar\u00eda, es imposible que los adultos no hayan visto qu\u00e9 sucedi\u00f3 con el menor. &#8220;Yo digo que\u00a0<strong>Laudelina sabe<\/strong>. Sabe ella y sabe (Carlos) P\u00e9rez. En realidad saben todos \u00bfC\u00f3mo no van a ver una criatura para d\u00f3nde se fue?&#8221;, cuestion\u00f3.<\/p>\n<p>Incluso, la madre puso en duda la versi\u00f3n oficial del recorrido hacia el monte: &#8220;Si est\u00e1n tomando fotos del naranjal y fotos con Loan no hay. \u00bfPor qu\u00e9 no sacaron cuando estaba ah\u00ed? Para m\u00ed que no lleg\u00f3&#8221;.<\/p>\n<p>Sobre su sobrina\u00a0<strong>Macarena Pe\u00f1a<\/strong>, fue tajante: &#8220;Para m\u00ed tendr\u00eda que estar detenida. Alguien debe estar atr\u00e1s de ellos por eso no quieren hablar&#8221;.<\/p>\n<h2><strong>La espera del juicio: &#8220;Me cay\u00f3 mal la fecha de octubre&#8221;<\/strong><\/h2>\n<p>La fijaci\u00f3n del inicio del debate oral para el\u00a0<strong>7 de octubre<\/strong>\u00a0\u2014que luego el Tribunal prometi\u00f3 adelantar tras las quejas de la fiscal\u00eda\u2014 gener\u00f3 una profunda decepci\u00f3n en el seno familiar. &#8220;Estoy esperando hace meses a mi hijo y tengo que esperar 8 meses m\u00e1s. Ojal\u00e1 que se resuelva lo antes posible&#8221;, anhel\u00f3 Mar\u00eda, al afirmar que conf\u00eda en la Justicia.<\/p>\n<p>La mujer tambi\u00e9n confes\u00f3 c\u00f3mo cambi\u00f3 su vida en la localidad de\u00a0<strong>9 de Julio.<\/strong>\u00a0&#8220;Ya no es m\u00e1s como antes. No salgo casi ni para mi mandado porque la gente es chusma y me pregunta de todo&#8221;, dijo en declaraciones a radio Continental Corrientes.<\/p>\n<p>En tanto, remarc\u00f3 la unidad familiar frente al dolor: &#8220;Cuando nos caemos, nos caemos todos. Esperanza siempre hay&#8221;.<\/p>\n<h2><strong>Los 17 imputados: la situaci\u00f3n procesal<\/strong><\/h2>\n<p>Actualmente, la Justicia Federal divide a los acusados en dos niveles de responsabilidad. Por un lado, el n\u00facleo principal acusado de\u00a0<strong>sustracci\u00f3n y ocultamiento<\/strong>, donde figuran\u00a0<strong>Laudelina Pe\u00f1a<\/strong>, el excomisario\u00a0<strong>Walter Maciel<\/strong>, el matrimonio de\u00a0<strong>Victoria Caillava<\/strong>\u00a0y\u00a0<strong>Carlos P\u00e9rez<\/strong>, junto a\u00a0<strong>M\u00f3nica Millapi<\/strong>,\u00a0<strong>Antonio Ben\u00edtez<\/strong>\u00a0y\u00a0<strong>Daniel \u201cFierrito\u201d Ram\u00edrez<\/strong>.<\/p>\n<p>Por otro lado, un segundo grupo de diez personas est\u00e1 imputado por\u00a0<strong>entorpecimiento y falso testimonio<\/strong>, acusados de desviar la investigaci\u00f3n de manera deliberada. La familia aguarda que, durante las audiencias, alguno de los detenidos &#8220;se quiebre&#8221; para conocer finalmente el paradero del ni\u00f1o que mantiene en vilo al pa\u00eds.<\/p>\n<\/div>\n<div class=\"s2s_supra_contenedor lang_directon_right s2sdefault  align_left  s2s_balloon_bottom \">\n<div class=\"s2s_contenedor  s2s_no_text  s2s-btn-group\">\n<div class=\"s2s_twitter s2s_btn s2s-btn-xs \">\n<div class=\"globo s2s_globo_closed s2s_twitter_iframe\"><\/div>\n<\/div>\n<div class=\"s2s_facebook s2s_btn s2s-btn-xs \">\n<div class=\"globo s2s_globo_closed s2s_facebook_iframe\"><\/div>\n<\/div>\n<div class=\"s2s_wapp s2s_btn s2s-btn-xs  \">\n<div class=\"globo s2s_globo_closed s2s_wapp_iframe\"><\/div>\n<\/div>\n<\/div>\n<div class=\"s2s_credits_wrapper\"><\/div>\n<\/div>\n","protected":false},"excerpt":{"rendered":"<p>Los familiares aseguraron que se arrepienten de haber contratado al medi\u00e1tico abogado. &#8220;No presentaba nada en el juzgado&#8221;, afirmaron. Denunciaron un &#8220;show televisivo&#8221;. &nbsp; A medida que se acerca el segundo aniversario de la desaparici\u00f3n de\u00a0Loan Danilo Pe\u00f1a, sus padres, Mar\u00eda Noguera y Jos\u00e9 Pe\u00f1a, realizaron duras declaraciones que sacudieron el tablero medi\u00e1tico y judicial. [&hellip;]<\/p>\n","protected":false},"author":2,"featured_media":7493,"comment_status":"open","ping_status":"open","sticky":false,"template":"","format":"standard","meta":{"footnotes":""},"categories":[78],"tags":[],"class_list":{"0":"post-7492","1":"post","2":"type-post","3":"status-publish","4":"format-standard","5":"has-post-thumbnail","7":"category-generales"},"_links":{"self":[{"href":"https:\/\/elpueblonoticia.com.ar\/web\/wp-json\/wp\/v2\/posts\/7492","targetHints":{"allow":["GET"]}}],"collection":[{"href":"https:\/\/elpueblonoticia.com.ar\/web\/wp-json\/wp\/v2\/posts"}],"about":[{"href":"https:\/\/elpueblonoticia.com.ar\/web\/wp-json\/wp\/v2\/types\/post"}],"author":[{"embeddable":true,"href":"https:\/\/elpueblonoticia.com.ar\/web\/wp-json\/wp\/v2\/users\/2"}],"replies":[{"embeddable":true,"href":"https:\/\/elpueblonoticia.com.ar\/web\/wp-json\/wp\/v2\/comments?post=7492"}],"version-history":[{"count":1,"href":"https:\/\/elpueblonoticia.com.ar\/web\/wp-json\/wp\/v2\/posts\/7492\/revisions"}],"predecessor-version":[{"id":7494,"href":"https:\/\/elpueblonoticia.com.ar\/web\/wp-json\/wp\/v2\/posts\/7492\/revisions\/7494"}],"wp:featuredmedia":[{"embeddable":true,"href":"https:\/\/elpueblonoticia.com.ar\/web\/wp-json\/wp\/v2\/media\/7493"}],"wp:attachment":[{"href":"https:\/\/elpueblonoticia.com.ar\/web\/wp-json\/wp\/v2\/media?parent=7492"}],"wp:term":[{"taxonomy":"category","embeddable":true,"href":"https:\/\/elpueblonoticia.com.ar\/web\/wp-json\/wp\/v2\/categories?post=7492"},{"taxonomy":"post_tag","embeddable":true,"href":"https:\/\/elpueblonoticia.com.ar\/web\/wp-json\/wp\/v2\/tags?post=7492"}],"curies":[{"name":"wp","href":"https:\/\/api.w.org\/{rel}","templated":true}]}}