{"id":7472,"date":"2026-03-04T10:43:53","date_gmt":"2026-03-04T13:43:53","guid":{"rendered":"https:\/\/elpueblonoticia.com.ar\/web\/?p=7472"},"modified":"2026-03-04T10:43:53","modified_gmt":"2026-03-04T13:43:53","slug":"tragedia-en-santa-lucia-un-hombre-perdio-la-vida-tras-recibir-una-descarga-electrica-en-una-obra","status":"publish","type":"post","link":"https:\/\/elpueblonoticia.com.ar\/web\/2026\/03\/04\/tragedia-en-santa-lucia-un-hombre-perdio-la-vida-tras-recibir-una-descarga-electrica-en-una-obra\/","title":{"rendered":"TRAGEDIA EN SANTA LUC\u00cdA: UN HOMBRE PERDI\u00d3 LA VIDA TRAS RECIBIR UNA DESCARGA EL\u00c9CTRICA EN UNA OBRA"},"content":{"rendered":"<div>\n<p><strong>En horas de la tarde de ayer, ocurri\u00f3 un tr\u00e1gico accidente laboral en la localidad vecina de Santa Luc\u00eda. Seg\u00fan inform\u00f3 la comisar\u00eda local, un trabajador de la construcci\u00f3n falleci\u00f3 de manera instant\u00e1nea tras sufrir una fuerte descarga el\u00e9ctrica.<\/strong><\/p>\n<p>LOS HECHOS<\/p>\n<p>El siniestro ocurri\u00f3 aproximadamente a las 16:30 horas, mientras la v\u00edctima se encontraba desempe\u00f1ando sus tareas habituales en una obra en construcci\u00f3n.<\/p>\n<p>Seg\u00fan los primeros reportes policiales, el hombre identificado de apellido Insaurralde (33a\u00f1os), habr\u00eda entrado en contacto accidentalmente con una m\u00e1quina hormigonera que presentaba una fuga de corriente.<\/p>\n<\/div>\n<div class=\"s2s_supra_contenedor lang_directon_right s2sdefault  align_left  s2s_balloon_bottom \">\n<div class=\"s2s_contenedor  s2s_no_text  s2s-btn-group\">\n<div class=\"s2s_twitter s2s_btn s2s-btn-xs \">\n<div class=\"globo s2s_globo_closed s2s_twitter_iframe\"><\/div>\n<\/div>\n<div class=\"s2s_facebook s2s_btn s2s-btn-xs \">\n<div class=\"globo s2s_globo_closed s2s_facebook_iframe\"><\/div>\n<\/div>\n<div class=\"s2s_wapp s2s_btn s2s-btn-xs  \">\n<div class=\"globo s2s_globo_closed s2s_wapp_iframe\"><\/div>\n<\/div>\n<\/div>\n<div class=\"s2s_credits_wrapper\"><\/div>\n<\/div>\n","protected":false},"excerpt":{"rendered":"<p>En horas de la tarde de ayer, ocurri\u00f3 un tr\u00e1gico accidente laboral en la localidad vecina de Santa Luc\u00eda. Seg\u00fan inform\u00f3 la comisar\u00eda local, un trabajador de la construcci\u00f3n falleci\u00f3 de manera instant\u00e1nea tras sufrir una fuerte descarga el\u00e9ctrica. LOS HECHOS El siniestro ocurri\u00f3 aproximadamente a las 16:30 horas, mientras la v\u00edctima se encontraba desempe\u00f1ando [&hellip;]<\/p>\n","protected":false},"author":2,"featured_media":7473,"comment_status":"open","ping_status":"open","sticky":false,"template":"","format":"standard","meta":{"footnotes":""},"categories":[68],"tags":[],"class_list":{"0":"post-7472","1":"post","2":"type-post","3":"status-publish","4":"format-standard","5":"has-post-thumbnail","7":"category-policiales-nacionales"},"_links":{"self":[{"href":"https:\/\/elpueblonoticia.com.ar\/web\/wp-json\/wp\/v2\/posts\/7472","targetHints":{"allow":["GET"]}}],"collection":[{"href":"https:\/\/elpueblonoticia.com.ar\/web\/wp-json\/wp\/v2\/posts"}],"about":[{"href":"https:\/\/elpueblonoticia.com.ar\/web\/wp-json\/wp\/v2\/types\/post"}],"author":[{"embeddable":true,"href":"https:\/\/elpueblonoticia.com.ar\/web\/wp-json\/wp\/v2\/users\/2"}],"replies":[{"embeddable":true,"href":"https:\/\/elpueblonoticia.com.ar\/web\/wp-json\/wp\/v2\/comments?post=7472"}],"version-history":[{"count":1,"href":"https:\/\/elpueblonoticia.com.ar\/web\/wp-json\/wp\/v2\/posts\/7472\/revisions"}],"predecessor-version":[{"id":7474,"href":"https:\/\/elpueblonoticia.com.ar\/web\/wp-json\/wp\/v2\/posts\/7472\/revisions\/7474"}],"wp:featuredmedia":[{"embeddable":true,"href":"https:\/\/elpueblonoticia.com.ar\/web\/wp-json\/wp\/v2\/media\/7473"}],"wp:attachment":[{"href":"https:\/\/elpueblonoticia.com.ar\/web\/wp-json\/wp\/v2\/media?parent=7472"}],"wp:term":[{"taxonomy":"category","embeddable":true,"href":"https:\/\/elpueblonoticia.com.ar\/web\/wp-json\/wp\/v2\/categories?post=7472"},{"taxonomy":"post_tag","embeddable":true,"href":"https:\/\/elpueblonoticia.com.ar\/web\/wp-json\/wp\/v2\/tags?post=7472"}],"curies":[{"name":"wp","href":"https:\/\/api.w.org\/{rel}","templated":true}]}}