{"id":7468,"date":"2026-03-04T10:38:38","date_gmt":"2026-03-04T13:38:38","guid":{"rendered":"https:\/\/elpueblonoticia.com.ar\/web\/?p=7468"},"modified":"2026-03-04T10:38:38","modified_gmt":"2026-03-04T13:38:38","slug":"fortalecimiento-institucional-y-desarrollo-local-juan-pablo-valdes-mantuvo-reuniones-de-trabajo-para-impulsar-el-crecimiento-y-mejorar-la-gestion","status":"publish","type":"post","link":"https:\/\/elpueblonoticia.com.ar\/web\/2026\/03\/04\/fortalecimiento-institucional-y-desarrollo-local-juan-pablo-valdes-mantuvo-reuniones-de-trabajo-para-impulsar-el-crecimiento-y-mejorar-la-gestion\/","title":{"rendered":"FORTALECIMIENTO INSTITUCIONAL Y DESARROLLO LOCAL: Juan Pablo Vald\u00e9s mantuvo reuniones de trabajo para impulsar el crecimiento y mejorar la gesti\u00f3n"},"content":{"rendered":"<div id=\"modalIntrotext\">\n<div><img decoding=\"async\" src=\"https:\/\/www.powernoticias.com\/images\/202603032146515771\" \/><\/div>\n<div>El gobernador Juan Pablo Vald\u00e9s encabez\u00f3, este martes en Casa de Gobierno, una serie de reuniones de trabajo orientadas a fortalecer el desarrollo local y optimizar la gesti\u00f3n institucional, con eje en la mejora de los servicios y la infraestructura para las familias correntinas.<\/div>\n<div><\/div>\n<div><\/div>\n<div>\n<div class=\"contenido\">\n<div id=\"modalFulltext\">\u00a0 En primer t\u00e9rmino, el mandatario provincial recibi\u00f3 a la intendente de San Cosme, Ver\u00f3nica Maciel, con quien dialog\u00f3 sobre proyectos e iniciativas destinadas a impulsar el crecimiento de la localidad. Durante el encuentro, abordaron l\u00edneas de acci\u00f3n conjuntas que permitan potenciar el desarrollo urbano y continuar mejorando la calidad de vida de los vecinos.<\/p>\n<p>Posteriormente, Vald\u00e9s se reuni\u00f3 con la inspectora general de Personas Jur\u00eddicas, Bel\u00e9n Vergez, para avanzar en temas vinculados al fortalecimiento institucional y la modernizaci\u00f3n de los procesos administrativos. En ese marco, analizaron herramientas orientadas a brindar mayor transparencia y eficiencia en la gesti\u00f3n, consolidando un Estado m\u00e1s \u00e1gil y cercano a la comunidad.<\/p>\n<p>De esta manera, el Gobierno provincial reafirma su compromiso con el trabajo articulado entre los distintos niveles del Estado, promoviendo pol\u00edticas p\u00fablicas que favorezcan el desarrollo sostenible y la mejora continua de la administraci\u00f3n p\u00fablica.<\/p><\/div>\n<div>\n<div id=\"117986-4\"><\/div>\n<div id=\"117986-6\"><\/div>\n<div id=\"117986-3\"><\/div>\n<\/div>\n<\/div>\n<div class=\"modalRedes\"><\/div>\n<\/div>\n<\/div>\n","protected":false},"excerpt":{"rendered":"<p>El gobernador Juan Pablo Vald\u00e9s encabez\u00f3, este martes en Casa de Gobierno, una serie de reuniones de trabajo orientadas a fortalecer el desarrollo local y optimizar la gesti\u00f3n institucional, con eje en la mejora de los servicios y la infraestructura para las familias correntinas. \u00a0 En primer t\u00e9rmino, el mandatario provincial recibi\u00f3 a la intendente [&hellip;]<\/p>\n","protected":false},"author":2,"featured_media":7469,"comment_status":"open","ping_status":"open","sticky":false,"template":"","format":"standard","meta":{"footnotes":""},"categories":[78],"tags":[],"class_list":{"0":"post-7468","1":"post","2":"type-post","3":"status-publish","4":"format-standard","5":"has-post-thumbnail","7":"category-generales"},"_links":{"self":[{"href":"https:\/\/elpueblonoticia.com.ar\/web\/wp-json\/wp\/v2\/posts\/7468","targetHints":{"allow":["GET"]}}],"collection":[{"href":"https:\/\/elpueblonoticia.com.ar\/web\/wp-json\/wp\/v2\/posts"}],"about":[{"href":"https:\/\/elpueblonoticia.com.ar\/web\/wp-json\/wp\/v2\/types\/post"}],"author":[{"embeddable":true,"href":"https:\/\/elpueblonoticia.com.ar\/web\/wp-json\/wp\/v2\/users\/2"}],"replies":[{"embeddable":true,"href":"https:\/\/elpueblonoticia.com.ar\/web\/wp-json\/wp\/v2\/comments?post=7468"}],"version-history":[{"count":1,"href":"https:\/\/elpueblonoticia.com.ar\/web\/wp-json\/wp\/v2\/posts\/7468\/revisions"}],"predecessor-version":[{"id":7470,"href":"https:\/\/elpueblonoticia.com.ar\/web\/wp-json\/wp\/v2\/posts\/7468\/revisions\/7470"}],"wp:featuredmedia":[{"embeddable":true,"href":"https:\/\/elpueblonoticia.com.ar\/web\/wp-json\/wp\/v2\/media\/7469"}],"wp:attachment":[{"href":"https:\/\/elpueblonoticia.com.ar\/web\/wp-json\/wp\/v2\/media?parent=7468"}],"wp:term":[{"taxonomy":"category","embeddable":true,"href":"https:\/\/elpueblonoticia.com.ar\/web\/wp-json\/wp\/v2\/categories?post=7468"},{"taxonomy":"post_tag","embeddable":true,"href":"https:\/\/elpueblonoticia.com.ar\/web\/wp-json\/wp\/v2\/tags?post=7468"}],"curies":[{"name":"wp","href":"https:\/\/api.w.org\/{rel}","templated":true}]}}