{"id":7464,"date":"2026-03-04T10:34:01","date_gmt":"2026-03-04T13:34:01","guid":{"rendered":"https:\/\/elpueblonoticia.com.ar\/web\/?p=7464"},"modified":"2026-03-04T10:34:01","modified_gmt":"2026-03-04T13:34:01","slug":"cayeron-la-ventas-de-autos-usados-en-argentina-corrientes-casi-el-10","status":"publish","type":"post","link":"https:\/\/elpueblonoticia.com.ar\/web\/2026\/03\/04\/cayeron-la-ventas-de-autos-usados-en-argentina-corrientes-casi-el-10\/","title":{"rendered":"Cayeron la ventas de autos usados en Argentina: Corrientes casi el 10 %"},"content":{"rendered":"<p><strong>La C\u00e1mara del Comercio Automotor (CCA), inform\u00f3 que en febrero se vendieron 130.229 veh\u00edculos usados, una baja del 12,60% con respecto a igual mes del a\u00f1o pasado cuando se comercializaron 149.004 unidades.\u00a0Con respecto a enero (153.070 unidades), el mercado cay\u00f3 14,92%.<\/strong><\/p>\n<div id=\"Inline\" class=\"banner-in-text\"><\/div>\n<p>En los 2 primeros meses del a\u00f1o se vendieron 283.299 unidades, una baja del 11,20% comparado con igual per\u00edodo de 2025 (319.040 unidades).<\/p>\n<p>DECLARACIONES DE ALEJANDRO LAMAS, SECRETARIO DE LA CCA<\/p>\n<p>\u201cFinaliz\u00f3 febrero y las ventas por segundo mes consecutivo muestran una baja interanual\u201d, dijo Alejandro Lamas, secretario de la C\u00e1mara del Comercio Automotor.<\/p>\n<p>\u201cSi bien estamos en el mes m\u00e1s flojo de ventas del a\u00f1o, (hist\u00f3ricamente es lo que sucede durante todos los febreros), creemos que factores como una financiaci\u00f3n m\u00e1s adecuada ser\u00edan muy importantes para favorecer un mercado m\u00e1s din\u00e1mico\u201d, expres\u00f3 el directivo.<\/p>\n<div id=\"MobileRectangle_4\" class=\"banner-in-text\"><\/div>\n<p>\u201cUn relevamiento realizado en todo el pa\u00eds, muestra que esta baja es generalizada, incluso en provincias que vienen con un ritmo sostenido de ventas\u201d, mencion\u00f3 Lamas.<\/p>\n<p>\u201cTambi\u00e9n, tenemos que mencionar que los vol\u00famenes comercializados en el primer bimestre del a\u00f1o 2025 fueron at\u00edpicos\u201d, aclar\u00f3.<\/p>\n<p>\u201cDe todas maneras, somos optimistas para la recuperaci\u00f3n en los pr\u00f3ximos meses, encontr\u00e1ndonos ante un mercado de oferta con mucha m\u00e1s variedad de productos para poder elegir\u201d, finaliz\u00f3 Lamas.<\/p>\n<p>RANKING 10 AUTOS USADOS FEBRERO<\/p>\n<p>WV Gol y Trend: 7.311<\/p>\n<p>Toyota Hilux: 5.078<\/p>\n<p>Chevrolet Corsa y Classic: 3.703<\/p>\n<p>VW Amarok: 3.507<\/p>\n<p>Ford Ranger: 3.502<\/p>\n<p>Ford EcoSport: 2.856<\/p>\n<p>Toyota Corolla: 2.826<\/p>\n<p>Peugeot 208: 2.577<\/p>\n<p>Fiat Palio: 2.497<\/p>\n<p>Ford Ka: 2.444<\/p>\n<p>PORCENTAJE DE BAJA EN PROVINCIAS PER\u00cdODO ENERO-FEBRERO 2026 CON IGUAL PER\u00cdODO 2025<\/p>\n<p>Misiones: -21,35%<\/p>\n<p>La Rioja: -19,53%<\/p>\n<p>Santa Cruz: -17,79%<\/p>\n<p>Formosa: -17,74%<\/p>\n<p>Salta: -17,55%<\/p>\n<p>Chubut: -14%<\/p>\n<p>La Pampa: -13,72%<\/p>\n<p>San Luis: -13,49%<\/p>\n<p>CABA: -13,38%<\/p>\n<p>Tucum\u00e1n: -13,14%<\/p>\n<p>Neuqu\u00e9n: -12,27%<\/p>\n<p>Pcia. Bs.As.: -12,22%<\/p>\n<p>Entre R\u00edos: -10,60%<\/p>\n<p>Tierra del Fuego: -10,41%<\/p>\n<p>Corrientes: -9,63%<\/p>\n<p>Catamarca: -9,28%<\/p>\n<p>C\u00f3rdoba: -9,23%<\/p>\n<p>Jujuy:- 9,17%<\/p>\n<p>Chaco: -8,93%<\/p>\n<p>R\u00edo Negro: -8,70%<\/p>\n<p>Santa Fe: -7,42%<\/p>\n<p>San Juan: -6,61%<\/p>\n<p>Mendoza: -4,55%<\/p>\n<p>Santiago del Estero: -3,52%<\/p>\n<p>FUENTE: CORRIENTES HOY<\/p>\n","protected":false},"excerpt":{"rendered":"<p>La C\u00e1mara del Comercio Automotor (CCA), inform\u00f3 que en febrero se vendieron 130.229 veh\u00edculos usados, una baja del 12,60% con respecto a igual mes del a\u00f1o pasado cuando se comercializaron 149.004 unidades.\u00a0Con respecto a enero (153.070 unidades), el mercado cay\u00f3 14,92%. En los 2 primeros meses del a\u00f1o se vendieron 283.299 unidades, una baja del [&hellip;]<\/p>\n","protected":false},"author":2,"featured_media":7465,"comment_status":"open","ping_status":"open","sticky":false,"template":"","format":"standard","meta":{"footnotes":""},"categories":[65],"tags":[],"class_list":{"0":"post-7464","1":"post","2":"type-post","3":"status-publish","4":"format-standard","5":"has-post-thumbnail","7":"category-economia"},"_links":{"self":[{"href":"https:\/\/elpueblonoticia.com.ar\/web\/wp-json\/wp\/v2\/posts\/7464","targetHints":{"allow":["GET"]}}],"collection":[{"href":"https:\/\/elpueblonoticia.com.ar\/web\/wp-json\/wp\/v2\/posts"}],"about":[{"href":"https:\/\/elpueblonoticia.com.ar\/web\/wp-json\/wp\/v2\/types\/post"}],"author":[{"embeddable":true,"href":"https:\/\/elpueblonoticia.com.ar\/web\/wp-json\/wp\/v2\/users\/2"}],"replies":[{"embeddable":true,"href":"https:\/\/elpueblonoticia.com.ar\/web\/wp-json\/wp\/v2\/comments?post=7464"}],"version-history":[{"count":1,"href":"https:\/\/elpueblonoticia.com.ar\/web\/wp-json\/wp\/v2\/posts\/7464\/revisions"}],"predecessor-version":[{"id":7466,"href":"https:\/\/elpueblonoticia.com.ar\/web\/wp-json\/wp\/v2\/posts\/7464\/revisions\/7466"}],"wp:featuredmedia":[{"embeddable":true,"href":"https:\/\/elpueblonoticia.com.ar\/web\/wp-json\/wp\/v2\/media\/7465"}],"wp:attachment":[{"href":"https:\/\/elpueblonoticia.com.ar\/web\/wp-json\/wp\/v2\/media?parent=7464"}],"wp:term":[{"taxonomy":"category","embeddable":true,"href":"https:\/\/elpueblonoticia.com.ar\/web\/wp-json\/wp\/v2\/categories?post=7464"},{"taxonomy":"post_tag","embeddable":true,"href":"https:\/\/elpueblonoticia.com.ar\/web\/wp-json\/wp\/v2\/tags?post=7464"}],"curies":[{"name":"wp","href":"https:\/\/api.w.org\/{rel}","templated":true}]}}