{"id":7456,"date":"2026-03-04T10:21:58","date_gmt":"2026-03-04T13:21:58","guid":{"rendered":"https:\/\/elpueblonoticia.com.ar\/web\/?p=7456"},"modified":"2026-03-04T10:21:58","modified_gmt":"2026-03-04T13:21:58","slug":"la-recaudacion-volvio-a-caer-en-febrero-por-septimo-mes-consecutivo-los-factores-clave","status":"publish","type":"post","link":"https:\/\/elpueblonoticia.com.ar\/web\/2026\/03\/04\/la-recaudacion-volvio-a-caer-en-febrero-por-septimo-mes-consecutivo-los-factores-clave\/","title":{"rendered":"La recaudaci\u00f3n volvi\u00f3 a caer en febrero por s\u00e9ptimo mes consecutivo: los factores clave"},"content":{"rendered":"<div>\n<div class=\"article-body__subheadline\"><strong>Seg\u00fan ARCA, los ingresos tributarios crecieron 20,1% interanual en t\u00e9rminos nominales, pero registraron una ca\u00edda real del 13,1%. El desplome del IVA, que retrocedi\u00f3 21 puntos frente a la inflaci\u00f3n, profundiza la inercia contractiva y golpea las transferencias a las provincias.<\/strong><\/div>\n<p>&nbsp;<\/p>\n<p class=\"article-body__paragraph\">Seg\u00fan notific\u00f3 la\u00a0<strong>Agencia de Recaudaci\u00f3n y Control Aduanero<\/strong>\u00a0(ARCA), los\u00a0<strong>recursos tributarios de febrero alcanzaron los $16.231.830 millones<\/strong>, con una variaci\u00f3n interanual de 20,1%.<\/p>\n<p class=\"article-body__paragraph\">Empero, en t\u00e9rminos reales,\u00a0<strong>ese monto representa un 13,1% negativo para las arcas fiscales<\/strong>, con el\u00a0<strong>Impuesto al Valor Agregado<\/strong>\u00a0(IVA) como\u00a0<strong>principal factor<\/strong>, debido a que resign\u00f3 21 puntos interanuales libres de inflaci\u00f3n.<\/p>\n<div class=\"ads-block ads-block--inline\">\n<div class=\"ads-block__unit-wrapper Inline\">\n<div id=\"Inline\"><\/div>\n<\/div>\n<\/div>\n<p class=\"article-body__paragraph\">Este ciclo contractivo de la econom\u00eda abre el interrogante sobre la capacidad de gesti\u00f3n tanto provincial como regional.<\/p>\n<p class=\"article-body__paragraph\">Cabe citar que\u00a0<strong>en febrero, el IVA<\/strong>\u00a0-un impuesto coparticipable-\u00a0<strong>recaud\u00f3 $5.405.501 millones<\/strong>, con una variaci\u00f3n interanual nominal de 13,7%.<\/p>\n<p class=\"article-body__paragraph\">En ese sentido, el desagregado se\u00f1ala que\u00a0<strong>el IVA Impositivo aument\u00f3 28,4% nominal<\/strong>, contra una\u00a0<strong>variaci\u00f3n negativa de -16,1% del Aduanero<\/strong>.<\/p>\n<h2 class=\"article-body__heading-h2\"><strong>Inercia negativa y un ritmo acelerado del deterioro<\/strong><\/h2>\n<p class=\"article-body__paragraph\">La contracci\u00f3n en t\u00e9rminos reales no solo persiste, sino que se profundiza con el correr de los meses. M\u00e1s all\u00e1 del dato puntual,\u00a0<strong>lo que enciende las alarmas es el ritmo del deterioro<\/strong>.<\/p>\n<div class=\"ads-block\"><\/div>\n<p class=\"article-body__paragraph\"><strong>Si bien la baja interanual fue del 7,5% en un mes que cont\u00f3 con menos d\u00edas h\u00e1biles, la comparaci\u00f3n contra enero muestra un descenso real mensual del 9,5%<\/strong>. Es la segunda ca\u00edda consecutiva y la tercera en los \u00faltimos cinco meses, una secuencia que evidencia que la desaceleraci\u00f3n econ\u00f3mica est\u00e1 lejos de encontrar un piso.<\/p>\n<p class=\"article-body__paragraph\">Adem\u00e1s, el freno impacta de manera generalizada en las 24 jurisdicciones del pa\u00eds. El \u00faltimo relevamiento de la consultora\u00a0<i>Politikon<\/i>\u00a0sobre Coparticipaci\u00f3n y Transferencias Autom\u00e1ticas correspondiente a febrero se\u00f1ala que la merma no solo resulta significativa frente a 2025, sino que tambi\u00e9n exhibe una marcada aceleraci\u00f3n en el corto plazo.<\/p>\n<p class=\"article-body__paragraph\">Se trata de\u00a0<strong>fondos que dejan de ingresar a las provincias<\/strong>\u00a0en un escenario donde las demandas sociales se intensifican, lo que tensiona a\u00fan m\u00e1s las cuentas subnacionales.<\/p>\n<h2 class=\"article-body__heading-h2\"><strong>Segundo peor primer bimestre<\/strong><\/h2>\n<p class=\"article-body__paragraph\"><strong>El desplome del consumo repercute directamente sobre la recaudaci\u00f3n y arrastra a la coparticipaci\u00f3n<\/strong>, configurando al\u00a0<strong>primer bimestre de 2026 como el segundo m\u00e1s d\u00e9bil desde 2018<\/strong>.<\/p>\n<p class=\"article-body__paragraph\">Seg\u00fan inform\u00f3 ARCA, el Impuesto a las Ganancias registr\u00f3 una variaci\u00f3n interanual nominal del 31,2%, con una recaudaci\u00f3n de $3.432.249 millones. Por su parte, el Impuesto sobre los D\u00e9bitos y Cr\u00e9ditos alcanz\u00f3 los $1.221.839 millones, con una suba interanual del 22,7%. En tanto, los recursos vinculados a la Seguridad Social crecieron 26,2%, totalizando $4.284.520 millones.<\/p>\n<p class=\"article-body__paragraph\">Sin embargo,\u00a0<strong>en todos los casos los incrementos quedaron por debajo de la inflaci\u00f3n acumulada entre febrero de 2025 y febrero de 2026<\/strong>, lo que implica una ca\u00edda en t\u00e9rminos reales.<\/p>\n<p class=\"article-body__paragraph\">La baja del IVA no aparece como un fen\u00f3meno aislado: los Impuestos Internos retrocedieron 16,7% y el Impuesto a las Ganancias mostr\u00f3 una ca\u00edda real del 0,9%, ratificando que la actividad econ\u00f3mica perdi\u00f3 impulso de forma significativa.<\/p>\n<p class=\"article-body__paragraph\">El descenso real del 9,5% de febrero respecto de enero confirma que la contracci\u00f3n no se estabiliza, sino que se acent\u00faa.<\/p>\n<p class=\"article-body__paragraph\">La din\u00e1mica actual sugiere que el parate econ\u00f3mico comienza a generar su propia inercia:\u00a0<strong>menos consumo implica menos producci\u00f3n, menos empleo y, en consecuencia, menor recaudaci\u00f3n<\/strong>. Un c\u00edrculo contractivo que preocupa a las arcas del Estado.<\/p>\n<\/div>\n<div class=\"s2s_supra_contenedor lang_directon_right s2sdefault  align_left  s2s_balloon_bottom \">\n<div class=\"s2s_contenedor  s2s_no_text  s2s-btn-group\">\n<div class=\"s2s_twitter s2s_btn s2s-btn-xs \">\n<div class=\"globo s2s_globo_closed s2s_twitter_iframe\"><\/div>\n<\/div>\n<div class=\"s2s_facebook s2s_btn s2s-btn-xs \">\n<div class=\"globo s2s_globo_closed s2s_facebook_iframe\"><\/div>\n<\/div>\n<div class=\"s2s_wapp s2s_btn s2s-btn-xs  \">\n<div class=\"globo s2s_globo_closed s2s_wapp_iframe\"><\/div>\n<\/div>\n<\/div>\n<div class=\"s2s_credits_wrapper\"><\/div>\n<\/div>\n","protected":false},"excerpt":{"rendered":"<p>Seg\u00fan ARCA, los ingresos tributarios crecieron 20,1% interanual en t\u00e9rminos nominales, pero registraron una ca\u00edda real del 13,1%. El desplome del IVA, que retrocedi\u00f3 21 puntos frente a la inflaci\u00f3n, profundiza la inercia contractiva y golpea las transferencias a las provincias. &nbsp; Seg\u00fan notific\u00f3 la\u00a0Agencia de Recaudaci\u00f3n y Control Aduanero\u00a0(ARCA), los\u00a0recursos tributarios de febrero alcanzaron [&hellip;]<\/p>\n","protected":false},"author":2,"featured_media":7457,"comment_status":"open","ping_status":"open","sticky":false,"template":"","format":"standard","meta":{"footnotes":""},"categories":[65],"tags":[],"class_list":{"0":"post-7456","1":"post","2":"type-post","3":"status-publish","4":"format-standard","5":"has-post-thumbnail","7":"category-economia"},"_links":{"self":[{"href":"https:\/\/elpueblonoticia.com.ar\/web\/wp-json\/wp\/v2\/posts\/7456","targetHints":{"allow":["GET"]}}],"collection":[{"href":"https:\/\/elpueblonoticia.com.ar\/web\/wp-json\/wp\/v2\/posts"}],"about":[{"href":"https:\/\/elpueblonoticia.com.ar\/web\/wp-json\/wp\/v2\/types\/post"}],"author":[{"embeddable":true,"href":"https:\/\/elpueblonoticia.com.ar\/web\/wp-json\/wp\/v2\/users\/2"}],"replies":[{"embeddable":true,"href":"https:\/\/elpueblonoticia.com.ar\/web\/wp-json\/wp\/v2\/comments?post=7456"}],"version-history":[{"count":1,"href":"https:\/\/elpueblonoticia.com.ar\/web\/wp-json\/wp\/v2\/posts\/7456\/revisions"}],"predecessor-version":[{"id":7458,"href":"https:\/\/elpueblonoticia.com.ar\/web\/wp-json\/wp\/v2\/posts\/7456\/revisions\/7458"}],"wp:featuredmedia":[{"embeddable":true,"href":"https:\/\/elpueblonoticia.com.ar\/web\/wp-json\/wp\/v2\/media\/7457"}],"wp:attachment":[{"href":"https:\/\/elpueblonoticia.com.ar\/web\/wp-json\/wp\/v2\/media?parent=7456"}],"wp:term":[{"taxonomy":"category","embeddable":true,"href":"https:\/\/elpueblonoticia.com.ar\/web\/wp-json\/wp\/v2\/categories?post=7456"},{"taxonomy":"post_tag","embeddable":true,"href":"https:\/\/elpueblonoticia.com.ar\/web\/wp-json\/wp\/v2\/tags?post=7456"}],"curies":[{"name":"wp","href":"https:\/\/api.w.org\/{rel}","templated":true}]}}