{"id":7452,"date":"2026-03-04T10:12:00","date_gmt":"2026-03-04T13:12:00","guid":{"rendered":"https:\/\/elpueblonoticia.com.ar\/web\/?p=7452"},"modified":"2026-03-04T10:12:00","modified_gmt":"2026-03-04T13:12:00","slug":"tio-gildo-la-entrevista-de-insfran-con-alumnos-de-formosa-que-causo-indignacion","status":"publish","type":"post","link":"https:\/\/elpueblonoticia.com.ar\/web\/2026\/03\/04\/tio-gildo-la-entrevista-de-insfran-con-alumnos-de-formosa-que-causo-indignacion\/","title":{"rendered":"\u201cT\u00edo Gildo\u201d: la entrevista de Insfr\u00e1n con alumnos de Formosa que caus\u00f3 indignaci\u00f3n"},"content":{"rendered":"<div id=\"modalIntrotext\">\n<div><img decoding=\"async\" src=\"https:\/\/www.powernoticias.com\/images\/202603032124503841\" \/><\/div>\n<div>El gobernador aprovech\u00f3 la inauguraci\u00f3n de una escuela para transmitir por la agencia de comunicaci\u00f3n provincial un di\u00e1logo con ni\u00f1os que elogiaron su gesti\u00f3n.<\/div>\n<div><\/div>\n<div><\/div>\n<div>\n<div class=\"contenido\">\n<div id=\"modalFulltext\">En una de las mayores muestras de adoctrinamiento en escuelas de los \u00faltimos tiempos, en las \u00faltimas horas el gobernador de Formosa, Gildo Insfr\u00e1n, despert\u00f3 la indignaci\u00f3n de muchos, tanto en su provincia como en el resto del pa\u00eds. Durante la inauguraci\u00f3n de una escuela, el mandatario local se hizo entrevistar por peque\u00f1os alumnos, quienes solo se dedicaron a elogiar su gesti\u00f3n en una lamentable puesta en escena.<\/p>\n<p>Este lunes, en medio de una recorrida por la flamante EPEP N\u00b0 548 \u201cProf. Rodolfo Reynaldo Ben\u00edtez\u201d, Insfr\u00e1n hizo un alto para sentarse frente a tres alumnos que, como parte de sus tareas educativas, conducen un programa, aunque suelen hacerlo en su escuela, que es la EPEP N\u00ba 331 \u201cAmalia Valentina Parola\u201d.<\/p>\n<p>\u201cCada escuela significa m\u00e1s oportunidades para los nuevos barrios, as\u00ed como nos pas\u00f3 a nosotros, que hoy estamos haciendo por radio y televisi\u00f3n, gracias a que tenemos nuestra propia escuela, donde recibimos educaci\u00f3n de calidad\u201d, comenz\u00f3 su alocuci\u00f3n uno de los peque\u00f1os entrevistadores.<\/p>\n<p>Y continu\u00f3 con una pregunta a uno de sus compa\u00f1eros: \u201c\u00bfSab\u00e9s qui\u00e9n es el responsable de que todos nosotros, ni\u00f1os y ni\u00f1as, podamos tener espacios para estudiar dignamente?\u201c.<\/p>\n<p>\u201cClaro, nuetro se\u00f1or gobernador y su equipo de pol\u00edtica p\u00fablica siempre nos han dado todo: edificios, \u00fatiles escolares, buenos maestros y m\u00e1s\u201d, respondi\u00f3 el interrogado.<\/p>\n<p>Si a alguno le quedaban dudas de cu\u00e1l ser\u00eda el tono de la charla, la primera pregunta a Insfr\u00e1n las disip\u00f3: \u201cSe\u00f1or gobernador, \u00bfqu\u00e9 se siente ayudar a tantos ni\u00f1os y hacerlos felices?&#8221;<\/p>\n<p>Hasta el propio gobernador se sorprendi\u00f3 y respondi\u00f3: \u201c\u00bfC\u00f3mo?\u201c.<\/p>\n<p>Luego, entendi\u00f3 y continu\u00f3 con un tono proselitista: \u201cAh, se siente satisfacci\u00f3n. Nosotros desde la pol\u00edtica podemos hacer edificios lindos, costear los sueldos de los que trabajan aqu\u00ed, pero quienes les dan la calidad educativa a ustedes son ellos, los docentes. Y nosotros tenemos que sentirnos orgullosos, porque el a\u00f1o pasado fuimos primreos en el pa\u00eds en las Pruebas Aprender de alfabetizaci\u00f3n\u201d.<\/p>\n<p>La charla continu\u00f3 con gui\u00f1os constantes a quien el pasado 10 de diciembre cumpli\u00f3 30 a\u00f1os ininterrumpidos al frente del gobierno de Formosa: \u201cSe\u00f1or gobernador, estamos muy ansiosos. \u00bfEste a\u00f1o recibiremos los \u00fatiles, guardapolvos y zapatillas, como nos tiene acostumbrados a recibir?\u201c.<\/p>\n<p>\u201cLo est\u00e1n recibiendo en todas las instituciones educativas de la provincia, as\u00ed que no es solamente un privilegio de los que viven en capital. Hasta en el \u00faltimo rinc\u00f3n de la provincia en este momento est\u00e1n recibiendo su kit escolar, para que no tengan problemas sus padres en tener que gastar para comprar esos \u00fatiles, o esa indumentaria, o esas zapatillas para que puedan ir a la escuela\u201d, indic\u00f3 el mandatario peronista, quien asumi\u00f3 su cargo el mismo d\u00eda en que Carlos Menem inici\u00f3 su segundo per\u00edodo presidencial.<\/p>\n<p>Luego de que los ni\u00f1os le agradecieran \u201cpor todos los \u00fatiles\u201d recibidos, se despidieron con una frase que despert\u00f3 las risas de Insfr\u00e1n y el resto de los presentes: \u201cCon el honor de que nos haya acompa\u00f1ado el se\u00f1or gobernador, el querido t\u00edo Gildo\u201d.<\/p>\n<p>En el discurso que dio durante la inauguraci\u00f3n de la escuela, Insfr\u00e1n aprovech\u00f3 el tramo en el que se refiri\u00f3 a la entrega de kits escolares para criticar al gobierno de Javier Milei.<\/p>\n<p>\u201cNo importa que nos sigan amenazando, recortando la coparticipaci\u00f3n y los fondos que, por leyes nacionales, nos corresponden. Nosotros, con lo poco o mucho que tengamos, siempre vamos a privilegiar atender al que m\u00e1s necesita\u201d, manifest\u00f3.<\/p>\n<p>En ese sentido, tambi\u00e9n lanz\u00f3 una frase ir\u00f3nica al recordar el discurso que brind\u00f3 el domingo el Presidente en el Congreso de la Naci\u00f3n, al abrir las sesiones ordinarias. Insfr\u00e1n dijo que intent\u00f3 o\u00edr las palabras de Milei, pero lament\u00f3: \u201cSolo escuch\u00e9 agravios\u201d.<\/p><\/div>\n<div>\n<div id=\"117986-4\"><\/div>\n<div id=\"117986-6\"><\/div>\n<div id=\"117986-3\"><\/div>\n<\/div>\n<\/div>\n<div class=\"modalRedes\"><\/div>\n<\/div>\n<\/div>\n","protected":false},"excerpt":{"rendered":"<p>El gobernador aprovech\u00f3 la inauguraci\u00f3n de una escuela para transmitir por la agencia de comunicaci\u00f3n provincial un di\u00e1logo con ni\u00f1os que elogiaron su gesti\u00f3n. En una de las mayores muestras de adoctrinamiento en escuelas de los \u00faltimos tiempos, en las \u00faltimas horas el gobernador de Formosa, Gildo Insfr\u00e1n, despert\u00f3 la indignaci\u00f3n de muchos, tanto en [&hellip;]<\/p>\n","protected":false},"author":2,"featured_media":7453,"comment_status":"open","ping_status":"open","sticky":false,"template":"","format":"standard","meta":{"footnotes":""},"categories":[66],"tags":[],"class_list":{"0":"post-7452","1":"post","2":"type-post","3":"status-publish","4":"format-standard","5":"has-post-thumbnail","7":"category-politica-nacionales"},"_links":{"self":[{"href":"https:\/\/elpueblonoticia.com.ar\/web\/wp-json\/wp\/v2\/posts\/7452","targetHints":{"allow":["GET"]}}],"collection":[{"href":"https:\/\/elpueblonoticia.com.ar\/web\/wp-json\/wp\/v2\/posts"}],"about":[{"href":"https:\/\/elpueblonoticia.com.ar\/web\/wp-json\/wp\/v2\/types\/post"}],"author":[{"embeddable":true,"href":"https:\/\/elpueblonoticia.com.ar\/web\/wp-json\/wp\/v2\/users\/2"}],"replies":[{"embeddable":true,"href":"https:\/\/elpueblonoticia.com.ar\/web\/wp-json\/wp\/v2\/comments?post=7452"}],"version-history":[{"count":1,"href":"https:\/\/elpueblonoticia.com.ar\/web\/wp-json\/wp\/v2\/posts\/7452\/revisions"}],"predecessor-version":[{"id":7454,"href":"https:\/\/elpueblonoticia.com.ar\/web\/wp-json\/wp\/v2\/posts\/7452\/revisions\/7454"}],"wp:featuredmedia":[{"embeddable":true,"href":"https:\/\/elpueblonoticia.com.ar\/web\/wp-json\/wp\/v2\/media\/7453"}],"wp:attachment":[{"href":"https:\/\/elpueblonoticia.com.ar\/web\/wp-json\/wp\/v2\/media?parent=7452"}],"wp:term":[{"taxonomy":"category","embeddable":true,"href":"https:\/\/elpueblonoticia.com.ar\/web\/wp-json\/wp\/v2\/categories?post=7452"},{"taxonomy":"post_tag","embeddable":true,"href":"https:\/\/elpueblonoticia.com.ar\/web\/wp-json\/wp\/v2\/tags?post=7452"}],"curies":[{"name":"wp","href":"https:\/\/api.w.org\/{rel}","templated":true}]}}