{"id":7449,"date":"2026-03-04T01:18:38","date_gmt":"2026-03-04T04:18:38","guid":{"rendered":"https:\/\/elpueblonoticia.com.ar\/web\/?p=7449"},"modified":"2026-03-04T01:18:38","modified_gmt":"2026-03-04T04:18:38","slug":"policia-de-corrientes-habria-abusado-de-una-adolescente-en-un-colectivo-se-dio-a-la-fuga-al-ser-increpado-por-pasajeros","status":"publish","type":"post","link":"https:\/\/elpueblonoticia.com.ar\/web\/2026\/03\/04\/policia-de-corrientes-habria-abusado-de-una-adolescente-en-un-colectivo-se-dio-a-la-fuga-al-ser-increpado-por-pasajeros\/","title":{"rendered":"Polic\u00eda de Corrientes habr\u00eda abusado de una adolescente en un colectivo: Se dio a la fuga al ser increpado por pasajeros"},"content":{"rendered":"<div class=\"x14z9mp xat24cr x1lziwak x1vvkbs xtlvy1s x126k92a\">\n<div dir=\"auto\">El sitio <span class=\"html-span xdj266r x14z9mp xat24cr x1lziwak xexx8yu xyri2b x18d9i69 x1c1uobl x1hl2dhg x16tdsg8 x1vvkbs\"><span class=\"xt0psk2\"><span class=\"xjp7ctv\">Urgente Santo Tome<\/span><\/span><\/span> informa este martes que fuentes de la justicia revelaron que ingres\u00f3 hace pocas horas una denuncia en contra de un funcionario policial.<\/div>\n<div dir=\"auto\"><\/div>\n<\/div>\n<div class=\"x14z9mp xat24cr x1lziwak x1vvkbs xtlvy1s x126k92a\">\n<div dir=\"auto\">Habr\u00eda cometido un abuso contra una menor durante el traslado de un colectivo de larga distancia que realizaba el recorrido entre <span class=\"html-span xdj266r x14z9mp xat24cr x1lziwak xexx8yu xyri2b x18d9i69 x1c1uobl x1hl2dhg x16tdsg8 x1vvkbs\">Itati<\/span> y <span class=\"html-span xdj266r x14z9mp xat24cr x1lziwak xexx8yu xyri2b x18d9i69 x1c1uobl x1hl2dhg x16tdsg8 x1vvkbs\">#SantoTom\u00e9<\/span>.<\/div>\n<div dir=\"auto\"><\/div>\n<\/div>\n<div class=\"x14z9mp xat24cr x1lziwak x1vvkbs xtlvy1s x126k92a\">\n<div dir=\"auto\">As\u00ed consta en el relato de la madre que concret\u00f3 la denuncia en la Comisar\u00eda de la mujer de Santo Tom\u00e9.<\/div>\n<div dir=\"auto\"><\/div>\n<\/div>\n<div class=\"x14z9mp xat24cr x1lziwak x1vvkbs xtlvy1s x126k92a\">\n<div dir=\"auto\">Se\u00f1ala que ella y sus hijas se subieron el pasado domingo 1 de marzo a un colectivo de la empresa r\u00edo uruguay en la terminal de la ciudad de Itati.<\/div>\n<div dir=\"auto\"><\/div>\n<\/div>\n<div class=\"x14z9mp xat24cr x1lziwak x1vvkbs xtlvy1s x126k92a\">\n<div dir=\"auto\">Una de sus hijas, de 14 a\u00f1os de edad, segun cuenta la madre , comparti\u00f3 asiento con un hombre que vest\u00eda uniforme de la polic\u00eda de Corrientes.<\/div>\n<div dir=\"auto\"><\/div>\n<\/div>\n<div class=\"x14z9mp xat24cr x1lziwak x1vvkbs xtlvy1s x126k92a\">\n<div dir=\"auto\">Cuando el colectivo se acercaba a la ciudad de Virasoro, la ni\u00f1a se acerca llorando a su madre y le cont\u00f3 lo que habr\u00eda perpetrado el funcionario policial que estaba a su lado.<\/div>\n<div dir=\"auto\"><\/div>\n<\/div>\n<div class=\"x14z9mp xat24cr x1lziwak x1vvkbs xtlvy1s x126k92a\">\n<div dir=\"auto\">De forma inmediata, se desat\u00f3 un esc\u00e1ndalo en el interior del omnibus y algunos pasajeros increparon al polic\u00eda, que de forma sorpresiva , con el colectivo detenido, se habr\u00eda dado a la fuga.<\/div>\n<div dir=\"auto\"><\/div>\n<\/div>\n<div class=\"x14z9mp xat24cr x1lziwak x1vvkbs xtlvy1s x126k92a\">\n<div dir=\"auto\">Al llegar a Santo Tom\u00e9, la tutora de la menor se dirigi\u00f3 a la Comisar\u00eda de Santo Tom\u00e9 y efectu\u00f3 la denuncia.<\/div>\n<div dir=\"auto\"><\/div>\n<\/div>\n<div class=\"x14z9mp xat24cr x1lziwak x1vvkbs xtlvy1s x126k92a\">\n<div dir=\"auto\">Seg\u00fan consta en el documento el funcionario policial fue identificado como Nu\u00f1ez W. Y prestar\u00eda servicio como cabo de la fuerza en Virasoro.<\/div>\n<\/div>\n","protected":false},"excerpt":{"rendered":"<p>El sitio Urgente Santo Tome informa este martes que fuentes de la justicia revelaron que ingres\u00f3 hace pocas horas una denuncia en contra de un funcionario policial. Habr\u00eda cometido un abuso contra una menor durante el traslado de un colectivo de larga distancia que realizaba el recorrido entre Itati y #SantoTom\u00e9. As\u00ed consta en el [&hellip;]<\/p>\n","protected":false},"author":2,"featured_media":7450,"comment_status":"open","ping_status":"open","sticky":false,"template":"","format":"standard","meta":{"footnotes":""},"categories":[68],"tags":[],"class_list":{"0":"post-7449","1":"post","2":"type-post","3":"status-publish","4":"format-standard","5":"has-post-thumbnail","7":"category-policiales-nacionales"},"_links":{"self":[{"href":"https:\/\/elpueblonoticia.com.ar\/web\/wp-json\/wp\/v2\/posts\/7449","targetHints":{"allow":["GET"]}}],"collection":[{"href":"https:\/\/elpueblonoticia.com.ar\/web\/wp-json\/wp\/v2\/posts"}],"about":[{"href":"https:\/\/elpueblonoticia.com.ar\/web\/wp-json\/wp\/v2\/types\/post"}],"author":[{"embeddable":true,"href":"https:\/\/elpueblonoticia.com.ar\/web\/wp-json\/wp\/v2\/users\/2"}],"replies":[{"embeddable":true,"href":"https:\/\/elpueblonoticia.com.ar\/web\/wp-json\/wp\/v2\/comments?post=7449"}],"version-history":[{"count":1,"href":"https:\/\/elpueblonoticia.com.ar\/web\/wp-json\/wp\/v2\/posts\/7449\/revisions"}],"predecessor-version":[{"id":7451,"href":"https:\/\/elpueblonoticia.com.ar\/web\/wp-json\/wp\/v2\/posts\/7449\/revisions\/7451"}],"wp:featuredmedia":[{"embeddable":true,"href":"https:\/\/elpueblonoticia.com.ar\/web\/wp-json\/wp\/v2\/media\/7450"}],"wp:attachment":[{"href":"https:\/\/elpueblonoticia.com.ar\/web\/wp-json\/wp\/v2\/media?parent=7449"}],"wp:term":[{"taxonomy":"category","embeddable":true,"href":"https:\/\/elpueblonoticia.com.ar\/web\/wp-json\/wp\/v2\/categories?post=7449"},{"taxonomy":"post_tag","embeddable":true,"href":"https:\/\/elpueblonoticia.com.ar\/web\/wp-json\/wp\/v2\/tags?post=7449"}],"curies":[{"name":"wp","href":"https:\/\/api.w.org\/{rel}","templated":true}]}}