{"id":7438,"date":"2026-03-02T12:25:50","date_gmt":"2026-03-02T15:25:50","guid":{"rendered":"https:\/\/elpueblonoticia.com.ar\/web\/?p=7438"},"modified":"2026-03-02T12:25:50","modified_gmt":"2026-03-02T15:25:50","slug":"trump-afirma-que-atacara-a-iran-con-toda-su-fuerza-y-preve-mas-bajas-estadounidenses","status":"publish","type":"post","link":"https:\/\/elpueblonoticia.com.ar\/web\/2026\/03\/02\/trump-afirma-que-atacara-a-iran-con-toda-su-fuerza-y-preve-mas-bajas-estadounidenses\/","title":{"rendered":"Trump afirma que atacar\u00e1 a Ir\u00e1n \u201ccon toda su fuerza\u201d y prev\u00e9 m\u00e1s bajas estadounidenses"},"content":{"rendered":"<div id=\"modalIntrotext\">\n<div>Reiter\u00f3 su llamado a los miembros del Cuerpo de la Guardia Revolucionaria Isl\u00e1mica de Ir\u00e1n para que \u201cdepongan sus armas\u201d a cambio de \u201cinmunidad total\u201d.<\/div>\n<div><\/div>\n<div><\/div>\n<div><\/div>\n<div><\/div>\n<div>\n<div class=\"contenido\">\n<div id=\"modalFulltext\">Buenos Aires, 1 marzo (NA) \u2013 El presidente de Estados Unidos, Donald Trump, dijo que las operaciones de combate estadounidenses contin\u00faan en este momento &#8220;con toda su fuerza&#8221;, y predijo que habr\u00e1 m\u00e1s bajas estadounidenses en los pr\u00f3ximos d\u00edas.<\/p>\n<p>&#8220;Las operaciones de combate contin\u00faan en este momento, con toda su fuerza, y continuar\u00e1n hasta que todos nuestros objetivos sean alcanzados. Tenemos objetivos muy firmes&#8221;, dijo Trump en un mensaje en video de seis minutos publicado en Truth Social, sin especificar cu\u00e1les son esos objetivos.<\/p>\n<p>&#8220;Lamentablemente, probablemente habr\u00e1 m\u00e1s antes de que termine&#8221;, dijo sobre la posibilidad de m\u00e1s bajas estadounidenses, a\u00f1adiendo que &#8220;as\u00ed son las cosas&#8221;.<\/p>\n<p>Trump reiter\u00f3 su llamado a los miembros del Cuerpo de la Guardia Revolucionaria Isl\u00e1mica de Ir\u00e1n para que &#8220;depongan sus armas&#8221; a cambio de &#8220;inmunidad total&#8221;.<\/p>\n<p>El ministro de Relaciones Exteriores de Ir\u00e1n, Seyed Abbas Araghchi, dijo el domingo a ABC News que ning\u00fan l\u00edder de ning\u00fan pa\u00eds tiene derecho a decirle a Ir\u00e1n que no responda a los continuos ataques a\u00e9reos masivos lanzados por Estados Unidos e Israel contra Ir\u00e1n, se\u00f1alando que su pa\u00eds tiene todo el derecho a defenderse y que las fuerzas a\u00e9reas &#8220;son lo suficientemente capaces de defender nuestro pa\u00eds&#8221;. __IP__<\/p>\n<p>Estados Unidos e Israel iniciaron ataques a\u00e9reos a gran escala contra Ir\u00e1n la ma\u00f1ana del s\u00e1bado, lo que llev\u00f3 a Teher\u00e1n a tomar represalias con oleadas de ataques con misiles y drones contra Israel y bases militares en la regi\u00f3n del Golfo.<\/p>\n<p>Con anterioridad el domingo, Trump dijo a Fox News que 48 altos funcionarios iran\u00edes han muerto en los ataques contra Ir\u00e1n. Ir\u00e1n confirm\u00f3 el domingo que su l\u00edder supremo, el ayatol\u00e1 Al\u00ed Jamenei, muri\u00f3 en los ataques a\u00e9reos de Estados Unidos e Israel el d\u00eda anterior. #AgenciaNA<\/p><\/div>\n<div>\n<div id=\"117986-4\"><\/div>\n<div id=\"117986-6\"><\/div>\n<div id=\"117986-3\"><\/div>\n<\/div>\n<\/div>\n<div class=\"modalRedes\"><\/div>\n<\/div>\n<\/div>\n","protected":false},"excerpt":{"rendered":"<p>Reiter\u00f3 su llamado a los miembros del Cuerpo de la Guardia Revolucionaria Isl\u00e1mica de Ir\u00e1n para que \u201cdepongan sus armas\u201d a cambio de \u201cinmunidad total\u201d. Buenos Aires, 1 marzo (NA) \u2013 El presidente de Estados Unidos, Donald Trump, dijo que las operaciones de combate estadounidenses contin\u00faan en este momento &#8220;con toda su fuerza&#8221;, y predijo [&hellip;]<\/p>\n","protected":false},"author":2,"featured_media":7439,"comment_status":"open","ping_status":"open","sticky":false,"template":"","format":"standard","meta":{"footnotes":""},"categories":[81],"tags":[],"class_list":{"0":"post-7438","1":"post","2":"type-post","3":"status-publish","4":"format-standard","5":"has-post-thumbnail","7":"category-internacionales"},"_links":{"self":[{"href":"https:\/\/elpueblonoticia.com.ar\/web\/wp-json\/wp\/v2\/posts\/7438","targetHints":{"allow":["GET"]}}],"collection":[{"href":"https:\/\/elpueblonoticia.com.ar\/web\/wp-json\/wp\/v2\/posts"}],"about":[{"href":"https:\/\/elpueblonoticia.com.ar\/web\/wp-json\/wp\/v2\/types\/post"}],"author":[{"embeddable":true,"href":"https:\/\/elpueblonoticia.com.ar\/web\/wp-json\/wp\/v2\/users\/2"}],"replies":[{"embeddable":true,"href":"https:\/\/elpueblonoticia.com.ar\/web\/wp-json\/wp\/v2\/comments?post=7438"}],"version-history":[{"count":1,"href":"https:\/\/elpueblonoticia.com.ar\/web\/wp-json\/wp\/v2\/posts\/7438\/revisions"}],"predecessor-version":[{"id":7440,"href":"https:\/\/elpueblonoticia.com.ar\/web\/wp-json\/wp\/v2\/posts\/7438\/revisions\/7440"}],"wp:featuredmedia":[{"embeddable":true,"href":"https:\/\/elpueblonoticia.com.ar\/web\/wp-json\/wp\/v2\/media\/7439"}],"wp:attachment":[{"href":"https:\/\/elpueblonoticia.com.ar\/web\/wp-json\/wp\/v2\/media?parent=7438"}],"wp:term":[{"taxonomy":"category","embeddable":true,"href":"https:\/\/elpueblonoticia.com.ar\/web\/wp-json\/wp\/v2\/categories?post=7438"},{"taxonomy":"post_tag","embeddable":true,"href":"https:\/\/elpueblonoticia.com.ar\/web\/wp-json\/wp\/v2\/tags?post=7438"}],"curies":[{"name":"wp","href":"https:\/\/api.w.org\/{rel}","templated":true}]}}