{"id":7434,"date":"2026-03-02T12:14:11","date_gmt":"2026-03-02T15:14:11","guid":{"rendered":"https:\/\/elpueblonoticia.com.ar\/web\/?p=7434"},"modified":"2026-03-02T12:14:11","modified_gmt":"2026-03-02T15:14:11","slug":"a-pesar-del-paro-nacional-docente-el-gobierno-correntino-inicia-el-ciclo-lectivo","status":"publish","type":"post","link":"https:\/\/elpueblonoticia.com.ar\/web\/2026\/03\/02\/a-pesar-del-paro-nacional-docente-el-gobierno-correntino-inicia-el-ciclo-lectivo\/","title":{"rendered":"A pesar del Paro Nacional docente el Gobierno correntino inicia el ciclo lectivo"},"content":{"rendered":"<p>El gobernador Juan Pablo Vald\u00e9s abrir\u00e1 formalmente el inicio de clases en la provincia, desde la escuela secundaria F\u00e9lix Mar\u00eda Romeo de la localidad correntina de Chavarr\u00eda. Se prev\u00e9 otro acto, con inauguraci\u00f3n de un establecimiento educativo nuevo, en la ciudad de Corrientes para ma\u00f1ana o este mi\u00e9rcoles 4 de marzo.<\/p>\n<div id=\"Inline\" class=\"banner-in-text\"><\/div>\n<p>&nbsp;<\/p>\n<p>Seg\u00fan la agenda oficial del mandatario correntino, entre este martes o mi\u00e9rcoles, inaugurar\u00e1 la Escuela Hogar Juan Domingo Per\u00f3n que se encuentra sobre la avenida Chacabuco (frente a la iglesia Santa Teresita). Ser\u00e1 un acto adem\u00e1s para habilitar, formalmente, el inicio de clases en la capital de la provincia.<\/p>\n<div id=\"Leaderboard_2\" class=\"banner-in-text\"><\/div>\n<div id=\"MobileRectangle_2\" class=\"banner-in-text\"><\/div>\n<p>&nbsp;<\/p>\n<p>Se trata de una de las obras m\u00e1s esperadas, ya que con la pandemia (2020-2022), el ic\u00f3nico edificio de la avenida Ferr\u00e9, pas\u00f3 a ser el Hospital de Campa\u00f1a.<\/p>\n<div id=\"Parallax\" class=\"banner-in-text\"><\/div>\n<p>&nbsp;<\/p>\n<p>Ahora, los alumnos de la primaria y de secundaria de esta instituci\u00f3n podr\u00e1n tener su sede propia nuevamente. Los alumnos del nivel inicial ya pudieron tener clases a finales del a\u00f1o pasado.<\/p>\n<div id=\"MediumRectangle_2\" class=\"banner-in-text\"><\/div>\n<div id=\"MobileRectangle_3\" class=\"banner-in-text\"><\/div>\n<p>A pesar de las inauguraciones oficiales los sindicatos docentes de la provincia, adhirieron al paro nacional docente que se desarrollar\u00e1 durante toda la jornada de hoy.<\/p>\n<p>&nbsp;<\/p>\n<div id=\"MobileRectangle_4\" class=\"banner-in-text\"><\/div>\n<p>A nivel provincial adem\u00e1s de la discusi\u00f3n salarial con el gobierno local, los docentes reclaman mejoras en el funcionamiento de la obra social (IOSCOR); tambi\u00e9n que los edificios escolares est\u00e9n en condiciones.<\/p>\n<p>&nbsp;<\/p>\n<p>Piden al menos un aumento al salario b\u00e1sico del 50%, hay que tener en cuenta que este mi\u00e9rcoles 4 de marzo se desarrollar\u00e1 una reuni\u00f3n entre los dirigentes sindicales docentes y funcionarios del ministerio de Hacienda y Finanzas de la provincia.<\/p>\n","protected":false},"excerpt":{"rendered":"<p>El gobernador Juan Pablo Vald\u00e9s abrir\u00e1 formalmente el inicio de clases en la provincia, desde la escuela secundaria F\u00e9lix Mar\u00eda Romeo de la localidad correntina de Chavarr\u00eda. Se prev\u00e9 otro acto, con inauguraci\u00f3n de un establecimiento educativo nuevo, en la ciudad de Corrientes para ma\u00f1ana o este mi\u00e9rcoles 4 de marzo. &nbsp; Seg\u00fan la agenda [&hellip;]<\/p>\n","protected":false},"author":2,"featured_media":7435,"comment_status":"open","ping_status":"open","sticky":false,"template":"","format":"standard","meta":{"footnotes":""},"categories":[80],"tags":[],"class_list":{"0":"post-7434","1":"post","2":"type-post","3":"status-publish","4":"format-standard","5":"has-post-thumbnail","7":"category-educacion"},"_links":{"self":[{"href":"https:\/\/elpueblonoticia.com.ar\/web\/wp-json\/wp\/v2\/posts\/7434","targetHints":{"allow":["GET"]}}],"collection":[{"href":"https:\/\/elpueblonoticia.com.ar\/web\/wp-json\/wp\/v2\/posts"}],"about":[{"href":"https:\/\/elpueblonoticia.com.ar\/web\/wp-json\/wp\/v2\/types\/post"}],"author":[{"embeddable":true,"href":"https:\/\/elpueblonoticia.com.ar\/web\/wp-json\/wp\/v2\/users\/2"}],"replies":[{"embeddable":true,"href":"https:\/\/elpueblonoticia.com.ar\/web\/wp-json\/wp\/v2\/comments?post=7434"}],"version-history":[{"count":1,"href":"https:\/\/elpueblonoticia.com.ar\/web\/wp-json\/wp\/v2\/posts\/7434\/revisions"}],"predecessor-version":[{"id":7436,"href":"https:\/\/elpueblonoticia.com.ar\/web\/wp-json\/wp\/v2\/posts\/7434\/revisions\/7436"}],"wp:featuredmedia":[{"embeddable":true,"href":"https:\/\/elpueblonoticia.com.ar\/web\/wp-json\/wp\/v2\/media\/7435"}],"wp:attachment":[{"href":"https:\/\/elpueblonoticia.com.ar\/web\/wp-json\/wp\/v2\/media?parent=7434"}],"wp:term":[{"taxonomy":"category","embeddable":true,"href":"https:\/\/elpueblonoticia.com.ar\/web\/wp-json\/wp\/v2\/categories?post=7434"},{"taxonomy":"post_tag","embeddable":true,"href":"https:\/\/elpueblonoticia.com.ar\/web\/wp-json\/wp\/v2\/tags?post=7434"}],"curies":[{"name":"wp","href":"https:\/\/api.w.org\/{rel}","templated":true}]}}