{"id":7430,"date":"2026-03-02T11:50:52","date_gmt":"2026-03-02T14:50:52","guid":{"rendered":"https:\/\/elpueblonoticia.com.ar\/web\/?p=7430"},"modified":"2026-03-02T11:50:52","modified_gmt":"2026-03-02T14:50:52","slug":"paso-de-la-patria-prepara-un-importante-torneo-de-pesca-para-semana-santa","status":"publish","type":"post","link":"https:\/\/elpueblonoticia.com.ar\/web\/2026\/03\/02\/paso-de-la-patria-prepara-un-importante-torneo-de-pesca-para-semana-santa\/","title":{"rendered":"Paso de la Patria prepara un importante torneo de pesca para Semana Santa"},"content":{"rendered":"<div>\n<p>Diario \u00c9poca dialog\u00f3 con el intendente de la localidad organizadora, Oscar &#8220;Chino&#8221; Garc\u00eda. Habr\u00e1 diferentes actividades, desde m\u00fasica, ferias y comidas.<\/p>\n<p>El Torneo Apertura de Pesca del Dorado se realizar\u00e1 del 2 al 5 de abril en Paso de la Patria, Corrientes. Se trata de uno de los eventos m\u00e1s importantes de la agenda tur\u00edstica durante Semana Santa.<\/p>\n<p>&nbsp;<\/p>\n<\/div>\n","protected":false},"excerpt":{"rendered":"<p>Diario \u00c9poca dialog\u00f3 con el intendente de la localidad organizadora, Oscar &#8220;Chino&#8221; Garc\u00eda. Habr\u00e1 diferentes actividades, desde m\u00fasica, ferias y comidas. El Torneo Apertura de Pesca del Dorado se realizar\u00e1 del 2 al 5 de abril en Paso de la Patria, Corrientes. Se trata de uno de los eventos m\u00e1s importantes de la agenda tur\u00edstica [&hellip;]<\/p>\n","protected":false},"author":2,"featured_media":7431,"comment_status":"open","ping_status":"open","sticky":false,"template":"","format":"standard","meta":{"footnotes":""},"categories":[78],"tags":[],"class_list":{"0":"post-7430","1":"post","2":"type-post","3":"status-publish","4":"format-standard","5":"has-post-thumbnail","7":"category-generales"},"_links":{"self":[{"href":"https:\/\/elpueblonoticia.com.ar\/web\/wp-json\/wp\/v2\/posts\/7430","targetHints":{"allow":["GET"]}}],"collection":[{"href":"https:\/\/elpueblonoticia.com.ar\/web\/wp-json\/wp\/v2\/posts"}],"about":[{"href":"https:\/\/elpueblonoticia.com.ar\/web\/wp-json\/wp\/v2\/types\/post"}],"author":[{"embeddable":true,"href":"https:\/\/elpueblonoticia.com.ar\/web\/wp-json\/wp\/v2\/users\/2"}],"replies":[{"embeddable":true,"href":"https:\/\/elpueblonoticia.com.ar\/web\/wp-json\/wp\/v2\/comments?post=7430"}],"version-history":[{"count":1,"href":"https:\/\/elpueblonoticia.com.ar\/web\/wp-json\/wp\/v2\/posts\/7430\/revisions"}],"predecessor-version":[{"id":7432,"href":"https:\/\/elpueblonoticia.com.ar\/web\/wp-json\/wp\/v2\/posts\/7430\/revisions\/7432"}],"wp:featuredmedia":[{"embeddable":true,"href":"https:\/\/elpueblonoticia.com.ar\/web\/wp-json\/wp\/v2\/media\/7431"}],"wp:attachment":[{"href":"https:\/\/elpueblonoticia.com.ar\/web\/wp-json\/wp\/v2\/media?parent=7430"}],"wp:term":[{"taxonomy":"category","embeddable":true,"href":"https:\/\/elpueblonoticia.com.ar\/web\/wp-json\/wp\/v2\/categories?post=7430"},{"taxonomy":"post_tag","embeddable":true,"href":"https:\/\/elpueblonoticia.com.ar\/web\/wp-json\/wp\/v2\/tags?post=7430"}],"curies":[{"name":"wp","href":"https:\/\/api.w.org\/{rel}","templated":true}]}}