{"id":7422,"date":"2026-03-02T10:40:12","date_gmt":"2026-03-02T13:40:12","guid":{"rendered":"https:\/\/elpueblonoticia.com.ar\/web\/?p=7422"},"modified":"2026-03-02T10:40:12","modified_gmt":"2026-03-02T13:40:12","slug":"ignorantes-manga-de-chorros-los-cruces-de-milei-con-el-kirchnerismo","status":"publish","type":"post","link":"https:\/\/elpueblonoticia.com.ar\/web\/2026\/03\/02\/ignorantes-manga-de-chorros-los-cruces-de-milei-con-el-kirchnerismo\/","title":{"rendered":"&#8220;Ignorantes&#8221;, &#8220;manga de chorros&#8221;: los cruces de Milei con el kirchnerismo"},"content":{"rendered":"<p><span class=\"header\">APERTURA DE SESIONES\u00a0<\/span><\/p>\n<div>\n<p>El Presidente, en cadena nacional, hizo varios frenos a la lectura para hablarle a la oposici\u00f3n con sarcasmo<\/p>\n<p>En el discurso de apertura de sesiones ordinarias del Congreso, Javier Milei le lanz\u00f3 varias chicanas a la oposici\u00f3n que estaba presente en el recinto. Les dijo: &#8220;Fascistas&#8221;, &#8220;manga de chorros&#8221; y &#8220;mentirosos&#8221;, entre otras cosas.<\/p>\n<p>En el inicio, y luego de que se escucharan los vitores \u2018Presidente, Presidente\u2019&#8221;, el primer mandatario tom\u00f3 el micr\u00f3fono con las dos manos, gir\u00f3 la cabeza y, mirando hacia su izquierda, le lanz\u00f3 a la oposici\u00f3n: &#8220;Ustedes tambi\u00e9n podr\u00edan gritar porque soy presidente de ustedes aunque no les guste&#8221;.<\/p>\n<p>Despu\u00e9s de los aplausos por esa chicana, Milei sigui\u00f3 leyendo los \u00edtems de los logros de su gesti\u00f3n y hablaba de la sanci\u00f3n de la Ley de Inocencia Fiscal, cuando volvi\u00f3 a mirar a la oposici\u00f3n y le dijo: &#8220;No pueden aplaudir porque se les escapan las manos a bolsillos ajenos&#8221;.<\/p>\n<p>Te puede interesar:Se incendi\u00f3 el \u00faltimo piso de un edificio en Belgrano y hay dos personas heridas<br \/>\nPero eso era s\u00f3lo el principio de un discurso que tuvo varias dedicatorias sarc\u00e1sticas del Presidente al kirchnerismo: &#8220;Dale, sigan con las operaciones que despu\u00e9s los voy a ir a buscar cuando se caigan en la Justicia por mentirosos, dale&#8221;. Y sigui\u00f3 con su discurso.<\/p>\n<p>Aunque no pasar\u00eda mucho m\u00e1s para que Milei volviera a dirigirse a la oposici\u00f3n, en algunos pasajes, con su caracter\u00edstica efusividad. Hablaba de la libertad y la propiedad, cuando volvi\u00f3 a girar la cabeza y los desafi\u00f3: &#8220;A ver, a ver, ignorantes, la justicia social es un robo, implica un trato desigual frente a la ley y est\u00e1 precedida de un robo, manga de ladrones, delincuentes; por eso tienen a la suya presa&#8221;.<\/p>\n<p>Iba por el \u00edtem 4, incluso ni siquiera lo empez\u00f3 a leer, cuando les volvi\u00f3 a hablar porque alguien mencion\u00f3 a Jos\u00e9 Luis Spert: &#8220;S\u00ed, sigan con las operetas que la gente sabe que son unos mentirosos, saben que los audios son falsos, saben que el que declar\u00f3 ya dijo que era mentira. Pero sigan as\u00ed ustedes mintiendo a la gente con situaciones que no tienen, adem\u00e1s, los crudos. Vamos, sigan mintiendo, manga de ladrones, manga de chorros. \u00a1Por eso tienen a su l\u00edder presa! Y va a seguir presa por la causa de los Cuadernos, va a seguir presa por el Memor\u00e1ndum de Ir\u00e1n, va a seguir presa por lo que hizo con Vialidad, porque es una chorra, porque fueron los m\u00e1s chorros de la historia&#8221;.<\/p>\n<p>El Congreso se lanz\u00f3 en un aplauso, algunos de pie; tambi\u00e9n hab\u00eda varios con sonrisas que no pod\u00edan borrarse, y el grito de &#8220;Presidente&#8221; gan\u00f3 el recinto.<\/p>\n<p>En ese contexto, Milei retom\u00f3 con el \u00edtem 4 de su discurso sobre la Ley de Modernizaci\u00f3n Laboral. Para ese entonces la voz deb\u00eda esforzarla por el murmullo generalizado. Y entonces grit\u00f3: &#8220;Los campeones de los derechos de los trabajadores dejaron sin ning\u00fan tipo de derecho a la mitad de los trabajadores&#8230; Y eso al margen de que se fueron de su \u00faltimo gobierno con una situaci\u00f3n en la que el 30% de los trabajadores formales eran pobres&#8221;.<\/p>\n<p>Y sigui\u00f3, jocoso: &#8220;\u00a1Qu\u00e9 alergia le tienen a los datos! El desempleo baj\u00f3. Dedicate a recitar poemas y a hablar de los datos, no, porque de eso no sab\u00e9s nada&#8221;. Luego de los aplausos de ocasi\u00f3n, con una sonrisa ironiz\u00f3: Qu\u00e9 interesante que en el Congreso me encuentro con parte de mi banda de rock, \u2018La Banda Presidencial\u2019&#8221;. Y mirando a Gerardo Mart\u00ednez, le dijo: &#8220;Dej\u00e1 de mirarte al espejo, Mart\u00ednez, los chorros son ustedes&#8221;.<\/p>\n<p>Y ante el barullo, Milei volvi\u00f3 al sarcasmo: &#8220;As\u00ed que aqu\u00ed un fracasado lleg\u00f3 a Presidente. \u00a1Qu\u00e9 interesante!&#8221;. Los aplausos volvieron y, para ese entonces, el discurso presidencial dej\u00f3 de lado las chicanas sucesivas y el Presidente continu\u00f3 con la lectura.<\/p>\n<p>Aunque no dur\u00f3 mucho. Y cuando comenz\u00f3 a hablar de la moral como pol\u00edtica de Estado y ante el murmullo, se cans\u00f3: &#8220;Daleee, los fascistas son socialistas que entendieron que el camino no era la violencia. Por lo menos s\u00e9 menos bruto y and\u00e1 a estudiar. Es m\u00e1s, en un libro que se llama La doctrina del fascismo, estos personajes siniestros dec\u00edan: &#8220;Nada fuera del Estado, todo dentro del Estado y nada contra el Estado&#8221;. \u00bfQu\u00e9 tiene que ver eso conmigo? \u00a1Tiene que ver con ustedes, que estaban inspirados en un fascista! Primero agarr\u00e1 los libros, despu\u00e9s decime todo lo que quieras&#8221;.<\/p>\n<p>Pas\u00f3 otro momento de respiro y lectura del discurso, pero cuando Milei hablaba de la falta de inversi\u00f3n, producto de la inestabilidad y la inseguridad jur\u00eddica, que destru\u00eda empresas y puestos de trabajo todos los a\u00f1os&#8230; Se mostr\u00f3 molesto y sobrador, como si fuera un maestro cansado: &#8220;De vuelta, aprendan, vayan, miren los n\u00fameros. Digamos, yo entiendo que ustedes suman con dificultad, pero vayan y miren los n\u00fameros. Les cuento que la tasa de desempleo baj\u00f3 a pesar de que aument\u00f3 la oferta. Quiere decir que aumentaron los puestos de trabajo m\u00e1s que lo que aument\u00f3 la oferta. Pero de vuelta. Ser\u00eda divertido poder debatir con ustedes si supieran algo. \u00bfPero qu\u00e9 puedo esperar de ustedes que en el \u00faltimo gobierno emitieron 28 puntos del PBI, tres en el \u00faltimo a\u00f1o para ganar una elecci\u00f3n?&#8221;.<\/p>\n<p>El Presidente hablaba de la pobreza y la doctrina Safaroni, impulsada por el kirchnerismo, que hicieron de las &#8220;calles un ba\u00f1o de sangre&#8221; y, despu\u00e9s de leer, &#8220;recibimos un estado fallido en todos los \u00e1mbitos&#8221;, sonriente dijo: &#8220;Son muy pintorescos&#8221;.<\/p>\n<\/div>\n","protected":false},"excerpt":{"rendered":"<p>APERTURA DE SESIONES\u00a0 El Presidente, en cadena nacional, hizo varios frenos a la lectura para hablarle a la oposici\u00f3n con sarcasmo En el discurso de apertura de sesiones ordinarias del Congreso, Javier Milei le lanz\u00f3 varias chicanas a la oposici\u00f3n que estaba presente en el recinto. Les dijo: &#8220;Fascistas&#8221;, &#8220;manga de chorros&#8221; y &#8220;mentirosos&#8221;, entre [&hellip;]<\/p>\n","protected":false},"author":2,"featured_media":7423,"comment_status":"open","ping_status":"open","sticky":false,"template":"","format":"standard","meta":{"footnotes":""},"categories":[66],"tags":[],"class_list":{"0":"post-7422","1":"post","2":"type-post","3":"status-publish","4":"format-standard","5":"has-post-thumbnail","7":"category-politica-nacionales"},"_links":{"self":[{"href":"https:\/\/elpueblonoticia.com.ar\/web\/wp-json\/wp\/v2\/posts\/7422","targetHints":{"allow":["GET"]}}],"collection":[{"href":"https:\/\/elpueblonoticia.com.ar\/web\/wp-json\/wp\/v2\/posts"}],"about":[{"href":"https:\/\/elpueblonoticia.com.ar\/web\/wp-json\/wp\/v2\/types\/post"}],"author":[{"embeddable":true,"href":"https:\/\/elpueblonoticia.com.ar\/web\/wp-json\/wp\/v2\/users\/2"}],"replies":[{"embeddable":true,"href":"https:\/\/elpueblonoticia.com.ar\/web\/wp-json\/wp\/v2\/comments?post=7422"}],"version-history":[{"count":1,"href":"https:\/\/elpueblonoticia.com.ar\/web\/wp-json\/wp\/v2\/posts\/7422\/revisions"}],"predecessor-version":[{"id":7424,"href":"https:\/\/elpueblonoticia.com.ar\/web\/wp-json\/wp\/v2\/posts\/7422\/revisions\/7424"}],"wp:featuredmedia":[{"embeddable":true,"href":"https:\/\/elpueblonoticia.com.ar\/web\/wp-json\/wp\/v2\/media\/7423"}],"wp:attachment":[{"href":"https:\/\/elpueblonoticia.com.ar\/web\/wp-json\/wp\/v2\/media?parent=7422"}],"wp:term":[{"taxonomy":"category","embeddable":true,"href":"https:\/\/elpueblonoticia.com.ar\/web\/wp-json\/wp\/v2\/categories?post=7422"},{"taxonomy":"post_tag","embeddable":true,"href":"https:\/\/elpueblonoticia.com.ar\/web\/wp-json\/wp\/v2\/tags?post=7422"}],"curies":[{"name":"wp","href":"https:\/\/api.w.org\/{rel}","templated":true}]}}