{"id":7414,"date":"2026-03-02T10:04:24","date_gmt":"2026-03-02T13:04:24","guid":{"rendered":"https:\/\/elpueblonoticia.com.ar\/web\/?p=7414"},"modified":"2026-03-02T10:04:24","modified_gmt":"2026-03-02T13:04:24","slug":"valdes-llamo-a-acelerar-el-desarrollo-y-defender-la-autonomia-de-corrientes","status":"publish","type":"post","link":"https:\/\/elpueblonoticia.com.ar\/web\/2026\/03\/02\/valdes-llamo-a-acelerar-el-desarrollo-y-defender-la-autonomia-de-corrientes\/","title":{"rendered":"Vald\u00e9s llam\u00f3 a &#8220;acelerar el desarrollo&#8221; y defender la autonom\u00eda de Corrientes"},"content":{"rendered":"<p><span class=\"header\">APERTURA DE SESIONES ORDINARIAS\u00a0<\/span><\/p>\n<p>El gobernador repas\u00f3 el estado de la administraci\u00f3n p\u00fablica y estableci\u00f3 los ejes prioritarios de su gesti\u00f3n, haciendo hincapi\u00e9 en la relaci\u00f3n con Naci\u00f3n, la econom\u00eda provincial, el empleo y la infraestructura.<\/p>\n<p>En una jornada que combin\u00f3 la solemnidad institucional con una marcada impronta pol\u00edtica, el gobernador Juan Pablo Vald\u00e9s dej\u00f3 formalmente inaugurado ayer el per\u00edodo de sesiones ordinarias 2026. Ante el pleno de la Legislatura provincial, el titular del Ejecutivo provincial pronunci\u00f3 un discurso que se extendi\u00f3 por casi una hora, en el cual altern\u00f3 el reconocimiento a la gesti\u00f3n de su antecesor con la presentaci\u00f3n de un ambicioso plan de metas hacia el a\u00f1o 2030. La ceremonia sirvi\u00f3 como escenario para que Vald\u00e9s definiera el perfil de su administraci\u00f3n: un modelo que busca transformar la solvencia administrativa en un motor de expansi\u00f3n econ\u00f3mica agresiva, sin descuidar la protecci\u00f3n de los sectores m\u00e1s vulnerables frente al contexto recesivo nacional. El mandatario inici\u00f3 su intervenci\u00f3n agradeciendo la recepci\u00f3n de los legisladores y estableciendo, desde el primer p\u00e1rrafo, que su presencia en el recinto no respond\u00eda \u00fanicamente a un cumplimiento formal de la Constituci\u00f3n. &#8220;Hoy no vengo solamente a inaugurar el per\u00edodo legislativo 2026. Vengo a plantear con claridad el rumbo que tomar\u00e1 Corrientes en los pr\u00f3ximos a\u00f1os&#8221;, asever\u00f3 al iniciar su mensaje.<\/p>\n<div class=\" large m_image\">\n<figure><picture><source srcset=\"https:\/\/www.nortecorrientes.com\/content\/bucket\/7\/392387w790h526c.jpg.webp\" type=\"image\/webp\" media=\"(min-width: 640px)\" \/><source srcset=\"https:\/\/www.nortecorrientes.com\/content\/bucket\/7\/392387w440h293c.jpg.webp\" type=\"image\/webp\" media=\"(min-width: 300px)\" \/><source srcset=\"https:\/\/www.nortecorrientes.com\/content\/bucket\/7\/392387w790h526c.jpg\" media=\"(min-width: 300px)\" \/><\/picture><\/figure>\n<\/div>\n<p>Vald\u00e9s destac\u00f3 que la gesti\u00f3n anterior dej\u00f3 &#8220;una provincia de la que nos sentimos muy orgullosos&#8221;, con programas de obras y servicios en todas las \u00e1reas. \u00a0El gobernador subray\u00f3 que esos logros de la administraci\u00f3n de Gustavo Vald\u00e9s y la alianza Vamos Corrientes fueron posibles gracias a una pol\u00edtica fiscal &#8220;seria y responsable&#8221;, que incluy\u00f3 super\u00e1vit durante ocho a\u00f1os, desendeudamiento casi total, uno de los sistemas impositivos con tasas m\u00e1s bajas del pa\u00eds, aumento de exportaciones y protecci\u00f3n del poder adquisitivo de salarios, jubilaciones y pensiones. Tambi\u00e9n remarc\u00f3 la ejecuci\u00f3n de obras con financiamiento provincial en todo el territorio, la transferencia de recursos a municipios, el reclamo por regal\u00edas de Yacyret\u00e1 y Salto Grande y la b\u00fasqueda permanente de inversiones para generar empleo.<\/p>\n<p>&#8220;La responsabilidad no es un punto de llegada; es el punto de partida. Ordenar las cuentas fue el primer paso. Ahora es tiempo de acelerar el desarrollo&#8221;, sostuvo. En esa l\u00ednea, asegur\u00f3 que Corrientes no se limitar\u00e1 a &#8220;administrar la estabilidad&#8221;, sino que la utilizar\u00e1 como plataforma para crecer &#8220;m\u00e1s y mejor&#8221;.<\/p>\n<p>En otro tramo de su discurso, el mandatario respald\u00f3 el rumbo econ\u00f3mico nacional. &#8220;El Presidente (Milei) vino a poner orden en una econom\u00eda desquiciada. Y eso debe ser celebrado por quienes entendemos que la estabilidad y la responsabilidad fiscal son determinantes&#8221;, expres\u00f3, y manifest\u00f3 su expectativa de que contin\u00fae bajando la inflaci\u00f3n y lleguen nuevas inversiones.<\/p>\n<p>No obstante, advirti\u00f3 que la provincia no resignar\u00e1 sus reclamos. &#8220;En Corrientes tomamos una decisi\u00f3n pol\u00edtica: no retroceder en lo que nos corresponde. No paralizarnos. No victimizarnos. Sino fortalecer nuestra autonom\u00eda productiva&#8221;, afirm\u00f3.<\/p>\n<p>Finalmente, Vald\u00e9s asegur\u00f3 que defender\u00e1 con firmeza los intereses provinciales, pero sin supeditar el desarrollo local a decisiones externas: &#8220;Vamos a defender lo que le corresponde a Corrientes, pero no vamos a frenar nuestro crecimiento esperando que otros act\u00faen&#8221;.<\/p>\n<p>En materia de salud p\u00fablica, el Gobernador destac\u00f3 que el enfoque estar\u00e1 puesto en la prevenci\u00f3n y la modernizaci\u00f3n. Al respecto, puntualiz\u00f3 que se trabajar\u00e1 intensamente en la atenci\u00f3n primaria con el objetivo de combatir la mortalidad infantil en cada rinc\u00f3n del territorio. Adem\u00e1s, anunci\u00f3 la instrumentaci\u00f3n de la Telemedicina como una herramienta para federalizar el acceso a especialistas, permitiendo que un paciente en una localidad remota pueda ser asistido mediante tecnolog\u00eda por profesionales de los grandes centros urbanos. Estas medidas, seg\u00fan explic\u00f3, buscan optimizar los recursos existentes y brindar respuestas m\u00e1s r\u00e1pidas a la poblaci\u00f3n. Uno de los anuncios econ\u00f3micos m\u00e1s relevantes de la jornada fue el lanzamiento del programa &#8220;Sostiene Corrientes&#8221;, a implementarse a trav\u00e9s del Banco de Corrientes. El Gobernador detall\u00f3 que se destinar\u00e1n hasta 130.000 millones de pesos para acompa\u00f1ar a familias y empresas con deudas, con el fin primordial de &#8220;proteger el trabajo&#8221; frente a la ca\u00edda de la actividad econ\u00f3mica nacional. Esta inyecci\u00f3n de liquidez pretende ser un salvavidas para las peque\u00f1as y medianas empresas locales que enfrentan dificultades financieras debido a la recesi\u00f3n y al incremento de los costos operativos.<\/p>\n<p>Hacia el final de su mensaje, Vald\u00e9s apel\u00f3 a un sentido de unidad y federalismo interno, al asegurar que su gesti\u00f3n estar\u00e1 cerca de los intendentes sin distinci\u00f3n de colores pol\u00edticos. &#8220;No habr\u00e1 correntinos de primera y de segunda&#8221;, sentenci\u00f3, al tiempo que advirti\u00f3 que no promet\u00eda caminos f\u00e1ciles, sino convicci\u00f3n y trabajo. Con una fuerte carga emotiva, concluy\u00f3 su alocuci\u00f3n al afirmar que Corrientes est\u00e1 ante una oportunidad hist\u00f3rica y que &#8220;al futuro no lo vamos a esperar, lo vamos a construir juntos&#8221;.<\/p>\n<p><strong>PRINCIPALES ANUNCIOS<\/strong><\/p>\n<p>&#8211; Construcci\u00f3n del Puerto de Lavalle<\/p>\n<p>-Cuarenta nuevas escuelas y finalizaci\u00f3n de refacciones en otras 200<\/p>\n<p>-Continuidad de obras de asfaltado en toda la provincia<\/p>\n<p>&#8211; Obras para ensanchar la ruta 27<\/p>\n<p>-Pavimentaci\u00f3n y repavimentaci\u00f3n de 200 kil\u00f3metros de rutas<\/p>\n<p>-Inversi\u00f3n en el puerto de Paso de los Libres<\/p>\n<p>-En la ciudad capital construcci\u00f3n de m\u00e1s canales y desagues y asfaltado<\/p>\n<p>-Creaci\u00f3n de un servicio de telemedicina<\/p>\n<p>-1500 viviendas en 2026<\/p>\n","protected":false},"excerpt":{"rendered":"<p>APERTURA DE SESIONES ORDINARIAS\u00a0 El gobernador repas\u00f3 el estado de la administraci\u00f3n p\u00fablica y estableci\u00f3 los ejes prioritarios de su gesti\u00f3n, haciendo hincapi\u00e9 en la relaci\u00f3n con Naci\u00f3n, la econom\u00eda provincial, el empleo y la infraestructura. En una jornada que combin\u00f3 la solemnidad institucional con una marcada impronta pol\u00edtica, el gobernador Juan Pablo Vald\u00e9s dej\u00f3 [&hellip;]<\/p>\n","protected":false},"author":2,"featured_media":7415,"comment_status":"open","ping_status":"open","sticky":false,"template":"","format":"standard","meta":{"footnotes":""},"categories":[66],"tags":[],"class_list":{"0":"post-7414","1":"post","2":"type-post","3":"status-publish","4":"format-standard","5":"has-post-thumbnail","7":"category-politica-nacionales"},"_links":{"self":[{"href":"https:\/\/elpueblonoticia.com.ar\/web\/wp-json\/wp\/v2\/posts\/7414","targetHints":{"allow":["GET"]}}],"collection":[{"href":"https:\/\/elpueblonoticia.com.ar\/web\/wp-json\/wp\/v2\/posts"}],"about":[{"href":"https:\/\/elpueblonoticia.com.ar\/web\/wp-json\/wp\/v2\/types\/post"}],"author":[{"embeddable":true,"href":"https:\/\/elpueblonoticia.com.ar\/web\/wp-json\/wp\/v2\/users\/2"}],"replies":[{"embeddable":true,"href":"https:\/\/elpueblonoticia.com.ar\/web\/wp-json\/wp\/v2\/comments?post=7414"}],"version-history":[{"count":1,"href":"https:\/\/elpueblonoticia.com.ar\/web\/wp-json\/wp\/v2\/posts\/7414\/revisions"}],"predecessor-version":[{"id":7416,"href":"https:\/\/elpueblonoticia.com.ar\/web\/wp-json\/wp\/v2\/posts\/7414\/revisions\/7416"}],"wp:featuredmedia":[{"embeddable":true,"href":"https:\/\/elpueblonoticia.com.ar\/web\/wp-json\/wp\/v2\/media\/7415"}],"wp:attachment":[{"href":"https:\/\/elpueblonoticia.com.ar\/web\/wp-json\/wp\/v2\/media?parent=7414"}],"wp:term":[{"taxonomy":"category","embeddable":true,"href":"https:\/\/elpueblonoticia.com.ar\/web\/wp-json\/wp\/v2\/categories?post=7414"},{"taxonomy":"post_tag","embeddable":true,"href":"https:\/\/elpueblonoticia.com.ar\/web\/wp-json\/wp\/v2\/tags?post=7414"}],"curies":[{"name":"wp","href":"https:\/\/api.w.org\/{rel}","templated":true}]}}