{"id":7405,"date":"2026-03-02T09:36:00","date_gmt":"2026-03-02T12:36:00","guid":{"rendered":"https:\/\/elpueblonoticia.com.ar\/web\/?p=7405"},"modified":"2026-03-02T09:37:16","modified_gmt":"2026-03-02T12:37:16","slug":"el-gobernador-inaugura-el-ciclo-lectivo-en-un-colegio-de-chavarria","status":"publish","type":"post","link":"https:\/\/elpueblonoticia.com.ar\/web\/2026\/03\/02\/el-gobernador-inaugura-el-ciclo-lectivo-en-un-colegio-de-chavarria\/","title":{"rendered":"El Gobernador inaugura el ciclo lectivo en un colegio de Chavarr\u00eda"},"content":{"rendered":"<p>Juan Pablo Vald\u00e9s presidir\u00e1 en la ma\u00f1ana de hoy el acto central de inauguraci\u00f3n del periodo escolar en tres niveles de la educaci\u00f3n. De acuerdo a lo programado, alrededor de las 11 iniciar\u00e1 la ceremonia en el colegio F\u00e9lix Mar\u00eda Romeo.<\/p>\n<div class=\"contenido\">\n<div id=\"modalFulltext\">\n<p>La comitiva oficial se trasladar\u00e1 hoy a la localidad distante a 185 de la Capital provincial. En medio del anuncio de un paro del sector docente, los funcionarios en gran n\u00famero acompa\u00f1ar\u00e1n al Gobernador y la Ministra de Educaci\u00f3n para cumplir con el acto protocolar del inicio de clases en Chavarr\u00eda.<\/p>\n<p>Los gremios esperan esta semana un nuevo contacto con el Ministro de Hacienda Marcelo Rivas Piacentini y la titular de la cartera educativa Ana Mi\u00f1o.<\/p>\n<p>Los maestros esperaban que durante el inicio del periodo ordinario de sesiones en la legislatura provincial, Juan Pablo Vald\u00e9s, brinde un p\u00e1rrafo al salario del sector. Lo mismo ocurri\u00f3 con los otros sectores de la administraci\u00f3n p\u00fablica.<\/p>\n<p>Ante este panorama habr\u00e1 que esperar cual ser\u00e1 el impacto de la medida de fuerza inscripta por algunos gremios docentes hoy.<\/p>\n<p>Luego de dejar plasmado los ejes del presente a\u00f1o ante la asamblea legislativa, el mandatario provincial estar\u00e1 hoy a las 11 en el colegio F\u00e9lix Mar\u00eda Romeo de Chavarr\u00eda dando inicio al ciclo lectivo del presente a\u00f1o.<\/p>\n<p><b>Escuelas disponibles para el inicio<\/b><\/p>\n<p>De acuerdo a los n\u00fameros oficiales, son alrededor de 1.800 edificios educativos en toda la provincia. De esa cantidad hay que mencionar que se desprenden 2.399 establecimientos. Es decir, hay extensiones \u00e1ulicas, por ejemplo.<\/p>\n<p>Durante los meses de enero y febrero, el gobierno de la provincia concret\u00f3 el plan de mantenimiento de escuelas. En algunos casos hubo trabajos de refacciones integrales, en otros de mantenimiento y limpieza general, mientras que en otras de retoques para concluir obras, como es el caso de la Escuela Hogar Juan Domingo Per\u00f3n de la ciudad de Corrientes.<\/p>\n<p>Ese edificio \u0096ubicado sobre la avenida Chacabuco entre las Heras y Madariaga- estar\u00e1 funcionando en sus tres niveles desde esta semana.<\/p>\n<p>A fines del a\u00f1o pasado se cort\u00f3 cintas en el nivel inicial y se espera que los alumnos de la primaria y secundaria comiencen las clases all\u00ed esta semana.<\/p>\n<p>Este es un complejo educativo que funcionaba donde hoy est\u00e1 el hospital de Campa\u00f1a \u0096sobre la avenida Ferr\u00e9-. Ahora se construy\u00f3 un edificio de gran escala y moderno.<\/p>\n<p><b>Matricula<\/b><\/p>\n<p>Carlos Encinas es el director de Sistemas del Ministerio de Educaci\u00f3n de la provincia de Corrientes. En dialogo con \u00e9poca inform\u00f3 que de acuerdo a lo dej\u00f3 la inscripci\u00f3n online, los alumnos que comienzan en el nivel inicial -en las salas de 3, 4 y 5- son 10.800.<\/p>\n<p>En el caso de los ni\u00f1os y ni\u00f1as que comienzan el primer grado de la primaria son 10.455. Los del nivel secundario que inician el primer a\u00f1o son 11.987 alumnos.<\/p>\n<p>En total todos los estudiantes que se incorporan al primer a\u00f1o de cada nivel son 33.251. Adem\u00e1s, el funcionario provincial brind\u00f3 los n\u00fameros globales de alumnos en las escuelas p\u00fablicas y privadas.<\/p>\n<p>En lo que hace a las estatales, la provincia cuenta con una matr\u00edcula de 241.000 alumnos, pero si se suman los que est\u00e1n insertos en las escuelas privadas la matr\u00edcula se engrosa en 283.000 estudiantes en Capital y el interior.<\/p>\n<p>diario \u00c9poca<\/p>\n<\/div>\n<div>\n<div id=\"117986-4\"><\/div>\n<div id=\"117986-6\"><\/div>\n<div id=\"117986-3\"><\/div>\n<\/div>\n<\/div>\n<div class=\"modalRedes\"><\/div>\n","protected":false},"excerpt":{"rendered":"<p>Juan Pablo Vald\u00e9s presidir\u00e1 en la ma\u00f1ana de hoy el acto central de inauguraci\u00f3n del periodo escolar en tres niveles de la educaci\u00f3n. De acuerdo a lo programado, alrededor de las 11 iniciar\u00e1 la ceremonia en el colegio F\u00e9lix Mar\u00eda Romeo. La comitiva oficial se trasladar\u00e1 hoy a la localidad distante a 185 de la [&hellip;]<\/p>\n","protected":false},"author":2,"featured_media":7409,"comment_status":"open","ping_status":"open","sticky":false,"template":"","format":"standard","meta":{"footnotes":""},"categories":[80],"tags":[],"class_list":{"0":"post-7405","1":"post","2":"type-post","3":"status-publish","4":"format-standard","5":"has-post-thumbnail","7":"category-educacion"},"_links":{"self":[{"href":"https:\/\/elpueblonoticia.com.ar\/web\/wp-json\/wp\/v2\/posts\/7405","targetHints":{"allow":["GET"]}}],"collection":[{"href":"https:\/\/elpueblonoticia.com.ar\/web\/wp-json\/wp\/v2\/posts"}],"about":[{"href":"https:\/\/elpueblonoticia.com.ar\/web\/wp-json\/wp\/v2\/types\/post"}],"author":[{"embeddable":true,"href":"https:\/\/elpueblonoticia.com.ar\/web\/wp-json\/wp\/v2\/users\/2"}],"replies":[{"embeddable":true,"href":"https:\/\/elpueblonoticia.com.ar\/web\/wp-json\/wp\/v2\/comments?post=7405"}],"version-history":[{"count":2,"href":"https:\/\/elpueblonoticia.com.ar\/web\/wp-json\/wp\/v2\/posts\/7405\/revisions"}],"predecessor-version":[{"id":7410,"href":"https:\/\/elpueblonoticia.com.ar\/web\/wp-json\/wp\/v2\/posts\/7405\/revisions\/7410"}],"wp:featuredmedia":[{"embeddable":true,"href":"https:\/\/elpueblonoticia.com.ar\/web\/wp-json\/wp\/v2\/media\/7409"}],"wp:attachment":[{"href":"https:\/\/elpueblonoticia.com.ar\/web\/wp-json\/wp\/v2\/media?parent=7405"}],"wp:term":[{"taxonomy":"category","embeddable":true,"href":"https:\/\/elpueblonoticia.com.ar\/web\/wp-json\/wp\/v2\/categories?post=7405"},{"taxonomy":"post_tag","embeddable":true,"href":"https:\/\/elpueblonoticia.com.ar\/web\/wp-json\/wp\/v2\/tags?post=7405"}],"curies":[{"name":"wp","href":"https:\/\/api.w.org\/{rel}","templated":true}]}}