{"id":7397,"date":"2026-03-02T09:08:01","date_gmt":"2026-03-02T12:08:01","guid":{"rendered":"https:\/\/elpueblonoticia.com.ar\/web\/?p=7397"},"modified":"2026-03-02T09:08:01","modified_gmt":"2026-03-02T12:08:01","slug":"una-mujer-fallecio-tras-el-despiste-y-vuelco-de-un-vehiculo-en-ruta-12","status":"publish","type":"post","link":"https:\/\/elpueblonoticia.com.ar\/web\/2026\/03\/02\/una-mujer-fallecio-tras-el-despiste-y-vuelco-de-un-vehiculo-en-ruta-12\/","title":{"rendered":"Una mujer falleci\u00f3 tras el despiste y vuelco de un veh\u00edculo en ruta 12"},"content":{"rendered":"<p>La \u00faltima noche de febrero se cobr\u00f3 una nueva v\u00edctima por siniestros vial. Una mujer de 73 a\u00f1os falleci\u00f3, luego del despiste de una camioneta sobre la Ruta Nacional N\u00ba 12, a la altura del kil\u00f3metro 755, en jurisdicci\u00f3n de Goya.<\/p>\n<p>El hecho se registr\u00f3 alrededor de las 20.30, cuando efectivos policiales dependientes de la Comisar\u00eda de Distrito Primera de Goya tomaron conocimiento del siniestro vial. Por causas que son materia de investigaci\u00f3n, una camioneta marca Ford, modelo Ranger, habr\u00eda despistado en inmediaciones de la carretera nacional.<\/p>\n<p>Fuentes policiales informaron que el veh\u00edculo era conducido por una mujer de apellido Segovia, de unos 30 a\u00f1os, quien iba acompa\u00f1ada por otra mujer de apellido D\u00edaz, de 73.<\/p>\n<p>Como consecuencia del siniestro, la acompa\u00f1ante falleci\u00f3 en el lugar, mientras que la conductora fue auxiliada y trasladada al hospital local de urgencia para su atenci\u00f3n m\u00e9dica.<\/p>\n<p>En el sitio se realizaron las diligencias correspondientes y en la dependencia policial contin\u00faan con las actuaciones del caso.<\/p>\n<p>diario El Libertador<\/p>\n","protected":false},"excerpt":{"rendered":"<p>La \u00faltima noche de febrero se cobr\u00f3 una nueva v\u00edctima por siniestros vial. Una mujer de 73 a\u00f1os falleci\u00f3, luego del despiste de una camioneta sobre la Ruta Nacional N\u00ba 12, a la altura del kil\u00f3metro 755, en jurisdicci\u00f3n de Goya. El hecho se registr\u00f3 alrededor de las 20.30, cuando efectivos policiales dependientes de la [&hellip;]<\/p>\n","protected":false},"author":2,"featured_media":7398,"comment_status":"open","ping_status":"open","sticky":false,"template":"","format":"standard","meta":{"footnotes":""},"categories":[68],"tags":[],"class_list":{"0":"post-7397","1":"post","2":"type-post","3":"status-publish","4":"format-standard","5":"has-post-thumbnail","7":"category-policiales-nacionales"},"_links":{"self":[{"href":"https:\/\/elpueblonoticia.com.ar\/web\/wp-json\/wp\/v2\/posts\/7397","targetHints":{"allow":["GET"]}}],"collection":[{"href":"https:\/\/elpueblonoticia.com.ar\/web\/wp-json\/wp\/v2\/posts"}],"about":[{"href":"https:\/\/elpueblonoticia.com.ar\/web\/wp-json\/wp\/v2\/types\/post"}],"author":[{"embeddable":true,"href":"https:\/\/elpueblonoticia.com.ar\/web\/wp-json\/wp\/v2\/users\/2"}],"replies":[{"embeddable":true,"href":"https:\/\/elpueblonoticia.com.ar\/web\/wp-json\/wp\/v2\/comments?post=7397"}],"version-history":[{"count":1,"href":"https:\/\/elpueblonoticia.com.ar\/web\/wp-json\/wp\/v2\/posts\/7397\/revisions"}],"predecessor-version":[{"id":7399,"href":"https:\/\/elpueblonoticia.com.ar\/web\/wp-json\/wp\/v2\/posts\/7397\/revisions\/7399"}],"wp:featuredmedia":[{"embeddable":true,"href":"https:\/\/elpueblonoticia.com.ar\/web\/wp-json\/wp\/v2\/media\/7398"}],"wp:attachment":[{"href":"https:\/\/elpueblonoticia.com.ar\/web\/wp-json\/wp\/v2\/media?parent=7397"}],"wp:term":[{"taxonomy":"category","embeddable":true,"href":"https:\/\/elpueblonoticia.com.ar\/web\/wp-json\/wp\/v2\/categories?post=7397"},{"taxonomy":"post_tag","embeddable":true,"href":"https:\/\/elpueblonoticia.com.ar\/web\/wp-json\/wp\/v2\/tags?post=7397"}],"curies":[{"name":"wp","href":"https:\/\/api.w.org\/{rel}","templated":true}]}}