{"id":7386,"date":"2026-03-02T07:49:40","date_gmt":"2026-03-02T10:49:40","guid":{"rendered":"https:\/\/elpueblonoticia.com.ar\/web\/?p=7386"},"modified":"2026-03-02T07:49:40","modified_gmt":"2026-03-02T10:49:40","slug":"intendente-de-goya-una-ciudad-que-se-protege-es-una-ciudad-que-crece","status":"publish","type":"post","link":"https:\/\/elpueblonoticia.com.ar\/web\/2026\/03\/02\/intendente-de-goya-una-ciudad-que-se-protege-es-una-ciudad-que-crece\/","title":{"rendered":"Intendente de Goya:  \u201cUNA CIUDAD QUE SE PROTEGE ES UNA CIUDAD QUE CRECE\u201d"},"content":{"rendered":"<p data-olk-copy-source=\"MessageBody\"><img loading=\"lazy\" decoding=\"async\" class=\"alignnone  wp-image-7388\" src=\"https:\/\/elpueblonoticia.com.ar\/web\/wp-content\/uploads\/2026\/03\/DSC_0148-300x200.jpg\" alt=\"\" width=\"998\" height=\"665\" srcset=\"https:\/\/elpueblonoticia.com.ar\/web\/wp-content\/uploads\/2026\/03\/DSC_0148-300x200.jpg 300w, https:\/\/elpueblonoticia.com.ar\/web\/wp-content\/uploads\/2026\/03\/DSC_0148-1024x683.jpg 1024w, https:\/\/elpueblonoticia.com.ar\/web\/wp-content\/uploads\/2026\/03\/DSC_0148-768x512.jpg 768w, https:\/\/elpueblonoticia.com.ar\/web\/wp-content\/uploads\/2026\/03\/DSC_0148-1536x1024.jpg 1536w, https:\/\/elpueblonoticia.com.ar\/web\/wp-content\/uploads\/2026\/03\/DSC_0148-2048x1365.jpg 2048w, https:\/\/elpueblonoticia.com.ar\/web\/wp-content\/uploads\/2026\/03\/DSC_0148-630x420.jpg 630w, https:\/\/elpueblonoticia.com.ar\/web\/wp-content\/uploads\/2026\/03\/DSC_0148-696x464.jpg 696w, https:\/\/elpueblonoticia.com.ar\/web\/wp-content\/uploads\/2026\/03\/DSC_0148-1068x712.jpg 1068w\" sizes=\"auto, (max-width: 998px) 100vw, 998px\" \/><\/p>\n<p class=\"x_MsoNormal\" data-olk-copy-source=\"MessageBody\">El intendente Mariano Hormaechea abri\u00f3 el periodo de sesiones del concejo deliberante dejando en claro que esta nueva etapa de gobierno inicia dentro de un contexto social de pa\u00eds complejo y dif\u00edcil desde lo econ\u00f3mico, y que esto obliga a actuar con inteligencia, prudencia y determinaci\u00f3n.<\/p>\n<p class=\"x_MsoNormal\">En este marco de situaci\u00f3n, el trabajo en conjunto y en equipo \u201ccobra valor estrat\u00e9gico\u201d, afirm\u00f3 Hormaechea; y en este sentido la provincia y el municipio avanzan en una misma direcci\u00f3n de \u201ccercan\u00eda con la gente\u201d.<\/p>\n<p class=\"x_MsoNormal\">Por eso, desde la responsabilidad y una administraci\u00f3n ordenada, no se dudar\u00e1 en tomar \u201cdecisiones firmes para sostener el equilibrio y cuidar a los vecinos\u201d, afirm\u00f3 el jefe comunal goyano.<\/p>\n<p class=\"x_MsoNormal\">\u201cAdministramos recursos que pertenecen a los vecinos y debemos hacerlo con austeridad, con ejemplo y trabajo permanente\u201d, sostuvo Hormaechea cuando pidi\u00f3 a cada funcionario \u201chumildad y grandeza\u201d. En otro p\u00e1rrafo, asegur\u00f3 que la obra p\u00fablica continuar\u00e1 \u201cllegando a los barrios con planificaci\u00f3n y justicia territorial\u201d.<\/p>\n<p class=\"x_MsoNormal\">Y en relaci\u00f3n a los representantes de los vecinos, les dijo: \u201cvamos a sostener una relaci\u00f3n madura y constructiva con este concejo deliberante, promoviendo el di\u00e1logo, el consenso y el bien com\u00fan como herramientas para la Goya del futuro\u201d.<\/p>\n<p class=\"x_MsoNormal\">En varios tramos de su discurso resalt\u00f3 que \u201ces un a\u00f1o con dificultades desde el punto de vista econ\u00f3mico\u201d, por lo cual insisti\u00f3 en que \u201ccada recurso debe administrarse con criterio y cada decisi\u00f3n debe sostenerse con convicci\u00f3n\u201d. Reafirm\u00f3 entonces que \u201cproteger a Goya es proteger su futuro\u201d, y que esta gesti\u00f3n tiene la determinaci\u00f3n de \u201cseguir defendiendo cada barrio, cada familia y cada proyecto de vida que se construye en esta ciudad. Porque una ciudad que se protege es una ciudad que crece\u201d.<\/p>\n<p class=\"x_MsoNormal\">\u201cGobernar es servir. Y servir es estar a la altura de la confianza que el pueblo nos dio, construyendo una Goya m\u00e1s fuerte, m\u00e1s ordenada y m\u00e1s unida\u201d, concluy\u00f3 diciendo.<\/p>\n<p class=\"x_MsoNormal\">Direcci\u00f3n de Prensa \u2013 Municipalidad de Goya<\/p>\n","protected":false},"excerpt":{"rendered":"<p>El intendente Mariano Hormaechea abri\u00f3 el periodo de sesiones del concejo deliberante dejando en claro que esta nueva etapa de gobierno inicia dentro de un contexto social de pa\u00eds complejo y dif\u00edcil desde lo econ\u00f3mico, y que esto obliga a actuar con inteligencia, prudencia y determinaci\u00f3n. En este marco de situaci\u00f3n, el trabajo en conjunto [&hellip;]<\/p>\n","protected":false},"author":2,"featured_media":7387,"comment_status":"open","ping_status":"open","sticky":false,"template":"","format":"standard","meta":{"footnotes":""},"categories":[56],"tags":[],"class_list":{"0":"post-7386","1":"post","2":"type-post","3":"status-publish","4":"format-standard","5":"has-post-thumbnail","7":"category-locales"},"_links":{"self":[{"href":"https:\/\/elpueblonoticia.com.ar\/web\/wp-json\/wp\/v2\/posts\/7386","targetHints":{"allow":["GET"]}}],"collection":[{"href":"https:\/\/elpueblonoticia.com.ar\/web\/wp-json\/wp\/v2\/posts"}],"about":[{"href":"https:\/\/elpueblonoticia.com.ar\/web\/wp-json\/wp\/v2\/types\/post"}],"author":[{"embeddable":true,"href":"https:\/\/elpueblonoticia.com.ar\/web\/wp-json\/wp\/v2\/users\/2"}],"replies":[{"embeddable":true,"href":"https:\/\/elpueblonoticia.com.ar\/web\/wp-json\/wp\/v2\/comments?post=7386"}],"version-history":[{"count":1,"href":"https:\/\/elpueblonoticia.com.ar\/web\/wp-json\/wp\/v2\/posts\/7386\/revisions"}],"predecessor-version":[{"id":7389,"href":"https:\/\/elpueblonoticia.com.ar\/web\/wp-json\/wp\/v2\/posts\/7386\/revisions\/7389"}],"wp:featuredmedia":[{"embeddable":true,"href":"https:\/\/elpueblonoticia.com.ar\/web\/wp-json\/wp\/v2\/media\/7387"}],"wp:attachment":[{"href":"https:\/\/elpueblonoticia.com.ar\/web\/wp-json\/wp\/v2\/media?parent=7386"}],"wp:term":[{"taxonomy":"category","embeddable":true,"href":"https:\/\/elpueblonoticia.com.ar\/web\/wp-json\/wp\/v2\/categories?post=7386"},{"taxonomy":"post_tag","embeddable":true,"href":"https:\/\/elpueblonoticia.com.ar\/web\/wp-json\/wp\/v2\/tags?post=7386"}],"curies":[{"name":"wp","href":"https:\/\/api.w.org\/{rel}","templated":true}]}}