{"id":7382,"date":"2026-03-01T13:14:23","date_gmt":"2026-03-01T16:14:23","guid":{"rendered":"https:\/\/elpueblonoticia.com.ar\/web\/?p=7382"},"modified":"2026-03-01T13:14:23","modified_gmt":"2026-03-01T16:14:23","slug":"dos-presos-en-goya-con-herramientas-robadas","status":"publish","type":"post","link":"https:\/\/elpueblonoticia.com.ar\/web\/2026\/03\/01\/dos-presos-en-goya-con-herramientas-robadas\/","title":{"rendered":"Dos presos en Goya con herramientas robadas"},"content":{"rendered":"<p>Efectivos de la Comisar\u00eda Primera de Goya lograron recuperar elementos sustra\u00eddos de una carpinter\u00eda c\u00e9ntrica y aprehender a dos personas presuntamente vinculadas al hecho.<\/p>\n<p>La investigaci\u00f3n se inici\u00f3 tras la denuncia por un robo ocurrido d\u00edas atr\u00e1s en un local comercial dedicado a la actividad maderera. A partir de tareas investigativas y con la colaboraci\u00f3n de la Comisar\u00eda de Distrito Cuarta, los uniformados avanzaron en la identificaci\u00f3n de los sospechosos.<\/p>\n<p>Como resultado del operativo, se concret\u00f3 la aprehensi\u00f3n de dos hombres mayores de edad y el secuestro de varias herramientas que hab\u00edan sido denunciadas como robadas. Los elementos recuperados ser\u00edan parte del bot\u00edn sustra\u00eddo del comercio.<\/p>\n<p>Los detenidos y los objetos secuestrados fueron trasladados a la dependencia policial, donde contin\u00faan las actuaciones correspondientes, quedando todo a disposici\u00f3n de la Justicia.<\/p>\n","protected":false},"excerpt":{"rendered":"<p>Efectivos de la Comisar\u00eda Primera de Goya lograron recuperar elementos sustra\u00eddos de una carpinter\u00eda c\u00e9ntrica y aprehender a dos personas presuntamente vinculadas al hecho. La investigaci\u00f3n se inici\u00f3 tras la denuncia por un robo ocurrido d\u00edas atr\u00e1s en un local comercial dedicado a la actividad maderera. A partir de tareas investigativas y con la colaboraci\u00f3n [&hellip;]<\/p>\n","protected":false},"author":2,"featured_media":7383,"comment_status":"open","ping_status":"open","sticky":false,"template":"","format":"standard","meta":{"footnotes":""},"categories":[68],"tags":[],"class_list":{"0":"post-7382","1":"post","2":"type-post","3":"status-publish","4":"format-standard","5":"has-post-thumbnail","7":"category-policiales-nacionales"},"_links":{"self":[{"href":"https:\/\/elpueblonoticia.com.ar\/web\/wp-json\/wp\/v2\/posts\/7382","targetHints":{"allow":["GET"]}}],"collection":[{"href":"https:\/\/elpueblonoticia.com.ar\/web\/wp-json\/wp\/v2\/posts"}],"about":[{"href":"https:\/\/elpueblonoticia.com.ar\/web\/wp-json\/wp\/v2\/types\/post"}],"author":[{"embeddable":true,"href":"https:\/\/elpueblonoticia.com.ar\/web\/wp-json\/wp\/v2\/users\/2"}],"replies":[{"embeddable":true,"href":"https:\/\/elpueblonoticia.com.ar\/web\/wp-json\/wp\/v2\/comments?post=7382"}],"version-history":[{"count":1,"href":"https:\/\/elpueblonoticia.com.ar\/web\/wp-json\/wp\/v2\/posts\/7382\/revisions"}],"predecessor-version":[{"id":7384,"href":"https:\/\/elpueblonoticia.com.ar\/web\/wp-json\/wp\/v2\/posts\/7382\/revisions\/7384"}],"wp:featuredmedia":[{"embeddable":true,"href":"https:\/\/elpueblonoticia.com.ar\/web\/wp-json\/wp\/v2\/media\/7383"}],"wp:attachment":[{"href":"https:\/\/elpueblonoticia.com.ar\/web\/wp-json\/wp\/v2\/media?parent=7382"}],"wp:term":[{"taxonomy":"category","embeddable":true,"href":"https:\/\/elpueblonoticia.com.ar\/web\/wp-json\/wp\/v2\/categories?post=7382"},{"taxonomy":"post_tag","embeddable":true,"href":"https:\/\/elpueblonoticia.com.ar\/web\/wp-json\/wp\/v2\/tags?post=7382"}],"curies":[{"name":"wp","href":"https:\/\/api.w.org\/{rel}","templated":true}]}}