{"id":7379,"date":"2026-03-01T13:12:20","date_gmt":"2026-03-01T16:12:20","guid":{"rendered":"https:\/\/elpueblonoticia.com.ar\/web\/?p=7379"},"modified":"2026-03-01T13:12:20","modified_gmt":"2026-03-01T16:12:20","slug":"tpc-arranco-el-certamen-con-el-triunfo-de-sportivo-santa-lucia-en-goya","status":"publish","type":"post","link":"https:\/\/elpueblonoticia.com.ar\/web\/2026\/03\/01\/tpc-arranco-el-certamen-con-el-triunfo-de-sportivo-santa-lucia-en-goya\/","title":{"rendered":"TPC: Arranc\u00f3 el certamen con el triunfo de Sportivo Santa Luc\u00eda en Goya"},"content":{"rendered":"<p>En el marco de la primera fecha de la Zona 3 de la 19na edici\u00f3n del Torneo Provincial de Clubes, en el estadio Jos\u00e9 Eulogio Pezzelato y con el arbitraje de la mercede\u00f1a Sof\u00eda Itat\u00ed Canteros, el equipo santaluce\u00f1o derrot\u00f3 a Benjam\u00edn Matienzo por 2 a 1, con goles de Diego Franco y de Juli\u00e1n Meza. El gol del local lo hizo Kevin Gonz\u00e1lez.<\/p>\n<p><strong>ETAPA DE GRUPOS &#8211; FECHA 1<\/strong><\/p>\n<p><strong>Viernes 27 de febrero<\/strong><\/p>\n<p>21.30 | Zona 3 | Matienzo (G) &#8211; Sportivo Santa Luc\u00eda (SL) \u2013 Estadio Jos\u00e9 Eulogio Pezzelato | \u00c1rbitro: Sof\u00eda Canteros (Mdes)<\/p>\n<p><strong>S\u00e1bado 28 de febrero\u00a0<\/strong><\/p>\n<p>17.00 | Zona 2 | Empedrado (C) vs. Sportivo Ctes. (C) \u2013 Estadio Jos\u00e9 Antonio Romero Feris | \u00a0\u00c1rbitro: Edgardo Romero.-<\/p>\n<p>17.00 | Zona 3 | Calle Po\u00ed (Sdas) &#8211; Deportivo Concepci\u00f3n (Sdas) &#8211; Estadio municipal &#8220;Lu\u00eds Mar\u00eda &#8220;Kelele&#8221; Obreg\u00f3n&#8221; | \u00c1rbitro: Sebasti\u00e1n Vera<\/p>\n<p>19.00 | Zona 7 | Ber\u00f3n de Astrada (ST) vs. Sartunt\u00fan (ST) | Estadio 27 de Agosto | \u00c1rbitro: Tamara Alegre<\/p>\n<p>20.00 | Zona 2 | El Decano (Itu) &#8211; Uni\u00f3n (Itu) | Estadio club Yacyret\u00e1 | \u00c1rbitro: Rub\u00e9n Soto (Ctes).-<\/p>\n<p>21.00 | Zona 5 | Barracas (CC) &#8211; Victoria (CC) \u2013 Estadio Jos\u00e9 Felipe \u00abPocholo\u00bb Mendiburo| \u00c1rbitro: Brian Altamirano<\/p>\n<p><strong>Domingo 1 de marzo<\/strong><\/p>\n<p>17.00 | Zona 1 | Lipton(C) &#8211; Defensores (SR) \u2013 Estadio &#8220;Quincho D\u2019Andrea&#8221; | \u00c1rbitro: \u00a0Maximiliano Soler<\/p>\n<p>17.30 | Zona 1 | Centro Estrada (BV) &#8211; Hogar Hermanos (BV) \u2013 Estadio General San Mart\u00edn | \u00c1rbitro: Brahim Ferreyra<\/p>\n<p>18.00 | Zona 4 | Hurac\u00e1n (G) &#8211; Central (Goya) &#8211; Estadio Ram\u00f3n Cacique Oviedo | \u00c1rbitro: Gerardo Sandoval<\/p>\n<p>19.00 | Football (Esq) &#8211; Ber\u00f3n de Astrada (Esq) | Estadio Rub\u00e9n Garc\u00eda | \u00c1rbitro: Yonathan Ledesma.-<\/p>\n<p>17.00 | Zona 5 | Por\u00e1 Purajey (S) &#8211; Atlas (S) | Estadio Juventud Unida | \u00c1rbitro: Carlos Niz Alberto.-<\/p>\n<p>17.30 | Zona 6 | Barraca (PdL) &#8211; Panificaci\u00f3n (PdL) | Estadio &#8220;Agust\u00edn Faraldo&#8221; | \u00c1rbitro: Marcelo Centuri\u00f3n .-<\/p>\n<p>19.00 | Zona 6 | Villa Calma (ST) &#8211; Belgrano (LC) | Estadio 27 de Agosto | \u00c1rbitro: Ren\u00e9 Gonz\u00e1lez.-<\/p>\n<p>18.00 | Zona 7 | Estudiantes (V) &#8211; San Alonso (V) | Estadio Vuelta del Omb\u00fa | \u00c1rbitro: Jos\u00e9 R\u00edos.-<\/p>\n<p>17.00 | Zona 8 | Atl\u00e9tico Juan Pujol (MC) &#8211; San Lorenzo (MC) | Estadio club Juan Pujol | \u00c1rbitro: Fabi\u00e1n Meza.-<\/p>\n<p>17.00 | Zona 8 | Comunicaciones (Mdes) &#8211; Villa del Parque (CC) | Estadio &#8220;Encho Colombi&#8221; | \u00c1rbitro: Francisco Vargas<\/p>\n","protected":false},"excerpt":{"rendered":"<p>En el marco de la primera fecha de la Zona 3 de la 19na edici\u00f3n del Torneo Provincial de Clubes, en el estadio Jos\u00e9 Eulogio Pezzelato y con el arbitraje de la mercede\u00f1a Sof\u00eda Itat\u00ed Canteros, el equipo santaluce\u00f1o derrot\u00f3 a Benjam\u00edn Matienzo por 2 a 1, con goles de Diego Franco y de Juli\u00e1n [&hellip;]<\/p>\n","protected":false},"author":2,"featured_media":7380,"comment_status":"open","ping_status":"open","sticky":false,"template":"","format":"standard","meta":{"footnotes":""},"categories":[76],"tags":[],"class_list":{"0":"post-7379","1":"post","2":"type-post","3":"status-publish","4":"format-standard","5":"has-post-thumbnail","7":"category-deportes"},"_links":{"self":[{"href":"https:\/\/elpueblonoticia.com.ar\/web\/wp-json\/wp\/v2\/posts\/7379","targetHints":{"allow":["GET"]}}],"collection":[{"href":"https:\/\/elpueblonoticia.com.ar\/web\/wp-json\/wp\/v2\/posts"}],"about":[{"href":"https:\/\/elpueblonoticia.com.ar\/web\/wp-json\/wp\/v2\/types\/post"}],"author":[{"embeddable":true,"href":"https:\/\/elpueblonoticia.com.ar\/web\/wp-json\/wp\/v2\/users\/2"}],"replies":[{"embeddable":true,"href":"https:\/\/elpueblonoticia.com.ar\/web\/wp-json\/wp\/v2\/comments?post=7379"}],"version-history":[{"count":1,"href":"https:\/\/elpueblonoticia.com.ar\/web\/wp-json\/wp\/v2\/posts\/7379\/revisions"}],"predecessor-version":[{"id":7381,"href":"https:\/\/elpueblonoticia.com.ar\/web\/wp-json\/wp\/v2\/posts\/7379\/revisions\/7381"}],"wp:featuredmedia":[{"embeddable":true,"href":"https:\/\/elpueblonoticia.com.ar\/web\/wp-json\/wp\/v2\/media\/7380"}],"wp:attachment":[{"href":"https:\/\/elpueblonoticia.com.ar\/web\/wp-json\/wp\/v2\/media?parent=7379"}],"wp:term":[{"taxonomy":"category","embeddable":true,"href":"https:\/\/elpueblonoticia.com.ar\/web\/wp-json\/wp\/v2\/categories?post=7379"},{"taxonomy":"post_tag","embeddable":true,"href":"https:\/\/elpueblonoticia.com.ar\/web\/wp-json\/wp\/v2\/tags?post=7379"}],"curies":[{"name":"wp","href":"https:\/\/api.w.org\/{rel}","templated":true}]}}