{"id":7376,"date":"2026-03-01T13:07:10","date_gmt":"2026-03-01T16:07:10","guid":{"rendered":"https:\/\/elpueblonoticia.com.ar\/web\/?p=7376"},"modified":"2026-03-01T13:07:10","modified_gmt":"2026-03-01T16:07:10","slug":"el-consumo-masivo-no-repunta-cayo-7-mensual-en-enero-y-las-grandes-cadenas-siguen-siendo-las-mas-golpeadas","status":"publish","type":"post","link":"https:\/\/elpueblonoticia.com.ar\/web\/2026\/03\/01\/el-consumo-masivo-no-repunta-cayo-7-mensual-en-enero-y-las-grandes-cadenas-siguen-siendo-las-mas-golpeadas\/","title":{"rendered":"El consumo masivo no repunta: cay\u00f3 7% mensual en enero y las grandes cadenas siguen siendo las m\u00e1s golpeadas"},"content":{"rendered":"<p>Las ventas en los principales canales de comercializaci\u00f3n sufrieron una importante contracci\u00f3n al inicio de 2026. Cu\u00e1les son las categor\u00edas con mayor retroceso.<\/p>\n<p>En un contexto de ca\u00edda del salario, el consumo masivo registr\u00f3 una ca\u00edda del 1,1% en la suma de todos los canales durante enero. El informe elaborado por Scentia muestra diferencias marcadas entre los distintos canales, en un contexto de desaceleraci\u00f3n que ya se observaba en los \u00faltimos meses de 2025.<\/p>\n<p>En relaci\u00f3n a diciembre, la retracci\u00f3n alcanz\u00f3 el 7%, como resultado de una ca\u00edda de 15,4% en los supermercados de cadena, de 12,5% en autoservicios independientes, 7,8% en farmacias, 11% en e-commerce, 14,6% en mayoristas y una suba de 3,7% en almacenes y kioscos.<\/p>\n<p>Respecto a enero de 2025, los supermercados tuvieron una retracci\u00f3n del 3,3%, mientras que los mayoristas experimentaron una baja de 0,8% en igual per\u00edodo. Los autoservicios independientes presentaron una disminuci\u00f3n de 4,2%, y las farmacias retrocedieron 2% en el mismo cotejo anual.<\/p>\n<p>Por el contrario, el e-commerce mostr\u00f3 un crecimiento destacado del 33%, consolidando su posici\u00f3n como el canal de mayor expansi\u00f3n. La categor\u00eda K+T (almacenes y kioscos) tambi\u00e9n avanz\u00f3, aunque a un ritmo menor que en meses anteriores, con una suba de 2,7% comparado con el inicio de 2025.<\/p>\n<p>El reporte detalla que, aunque K+T mantiene una variaci\u00f3n positiva, el incremento se realiza con menor impulso que en el cierre del a\u00f1o pasado. En cambio, la desaceleraci\u00f3n de los supermercados parece moderarse, ya que la ca\u00edda actual es m\u00e1s leve que la observada en el \u00faltimo bimestre de 2025.<\/p>\n","protected":false},"excerpt":{"rendered":"<p>Las ventas en los principales canales de comercializaci\u00f3n sufrieron una importante contracci\u00f3n al inicio de 2026. Cu\u00e1les son las categor\u00edas con mayor retroceso. En un contexto de ca\u00edda del salario, el consumo masivo registr\u00f3 una ca\u00edda del 1,1% en la suma de todos los canales durante enero. El informe elaborado por Scentia muestra diferencias marcadas [&hellip;]<\/p>\n","protected":false},"author":2,"featured_media":7377,"comment_status":"open","ping_status":"open","sticky":false,"template":"","format":"standard","meta":{"footnotes":""},"categories":[65],"tags":[],"class_list":{"0":"post-7376","1":"post","2":"type-post","3":"status-publish","4":"format-standard","5":"has-post-thumbnail","7":"category-economia"},"_links":{"self":[{"href":"https:\/\/elpueblonoticia.com.ar\/web\/wp-json\/wp\/v2\/posts\/7376","targetHints":{"allow":["GET"]}}],"collection":[{"href":"https:\/\/elpueblonoticia.com.ar\/web\/wp-json\/wp\/v2\/posts"}],"about":[{"href":"https:\/\/elpueblonoticia.com.ar\/web\/wp-json\/wp\/v2\/types\/post"}],"author":[{"embeddable":true,"href":"https:\/\/elpueblonoticia.com.ar\/web\/wp-json\/wp\/v2\/users\/2"}],"replies":[{"embeddable":true,"href":"https:\/\/elpueblonoticia.com.ar\/web\/wp-json\/wp\/v2\/comments?post=7376"}],"version-history":[{"count":1,"href":"https:\/\/elpueblonoticia.com.ar\/web\/wp-json\/wp\/v2\/posts\/7376\/revisions"}],"predecessor-version":[{"id":7378,"href":"https:\/\/elpueblonoticia.com.ar\/web\/wp-json\/wp\/v2\/posts\/7376\/revisions\/7378"}],"wp:featuredmedia":[{"embeddable":true,"href":"https:\/\/elpueblonoticia.com.ar\/web\/wp-json\/wp\/v2\/media\/7377"}],"wp:attachment":[{"href":"https:\/\/elpueblonoticia.com.ar\/web\/wp-json\/wp\/v2\/media?parent=7376"}],"wp:term":[{"taxonomy":"category","embeddable":true,"href":"https:\/\/elpueblonoticia.com.ar\/web\/wp-json\/wp\/v2\/categories?post=7376"},{"taxonomy":"post_tag","embeddable":true,"href":"https:\/\/elpueblonoticia.com.ar\/web\/wp-json\/wp\/v2\/tags?post=7376"}],"curies":[{"name":"wp","href":"https:\/\/api.w.org\/{rel}","templated":true}]}}