{"id":7363,"date":"2026-02-27T10:59:25","date_gmt":"2026-02-27T13:59:25","guid":{"rendered":"https:\/\/elpueblonoticia.com.ar\/web\/?p=7363"},"modified":"2026-02-27T10:59:25","modified_gmt":"2026-02-27T13:59:25","slug":"reparacion-de-pluviales-transito-restringido-en-av-madariaga-y-calle-yapeyu","status":"publish","type":"post","link":"https:\/\/elpueblonoticia.com.ar\/web\/2026\/02\/27\/reparacion-de-pluviales-transito-restringido-en-av-madariaga-y-calle-yapeyu\/","title":{"rendered":"REPARACI\u00d3N DE PLUVIALES: TR\u00c1NSITO RESTRINGIDO EN AV. MADARIAGA Y CALLE YAPEY\u00da"},"content":{"rendered":"<p><strong>Municipalidad de Goya comunica que el tr\u00e1nsito vehicular de avenida Madariaga intersecci\u00f3n calle Yapey\u00fa se halla restringido media calzada, dado que comenzaron la obra de reparaci\u00f3n de los pluviales en esa esquina.<\/strong><\/p>\n<p>&nbsp;<\/p>\n<p>En una etapa anterior se intervino el conducto principal de 1.200 mm de di\u00e1metro. En esta oportunidad se avanza sobre las acometidas de bocas de tormenta y conductos secundarios que presentan descalces y roturas, situaci\u00f3n que ha provocado hundimientos en el pavimento.<\/p>\n<p>Los trabajos se realizan con un equipo excavador montado sobre orugas, provisto por Vialidad Provincial, y con camiones y retroexcavadoras montadas sobre neum\u00e1ticos pertenecientes al \u00e1rea PRODEGO.<\/p>\n<p>En este sentido, el tr\u00e1nsito permanecer\u00e1 interrumpido durante la ejecuci\u00f3n de las tareas.<\/p>\n<p>Desde las \u00e1reas municipales que intervienen en las acciones, solicitan las disculpas por las molestias ocasionadas.<\/p>\n","protected":false},"excerpt":{"rendered":"<p>Municipalidad de Goya comunica que el tr\u00e1nsito vehicular de avenida Madariaga intersecci\u00f3n calle Yapey\u00fa se halla restringido media calzada, dado que comenzaron la obra de reparaci\u00f3n de los pluviales en esa esquina. &nbsp; En una etapa anterior se intervino el conducto principal de 1.200 mm de di\u00e1metro. En esta oportunidad se avanza sobre las acometidas [&hellip;]<\/p>\n","protected":false},"author":2,"featured_media":7364,"comment_status":"open","ping_status":"open","sticky":false,"template":"","format":"standard","meta":{"footnotes":""},"categories":[56],"tags":[],"class_list":{"0":"post-7363","1":"post","2":"type-post","3":"status-publish","4":"format-standard","5":"has-post-thumbnail","7":"category-locales"},"_links":{"self":[{"href":"https:\/\/elpueblonoticia.com.ar\/web\/wp-json\/wp\/v2\/posts\/7363","targetHints":{"allow":["GET"]}}],"collection":[{"href":"https:\/\/elpueblonoticia.com.ar\/web\/wp-json\/wp\/v2\/posts"}],"about":[{"href":"https:\/\/elpueblonoticia.com.ar\/web\/wp-json\/wp\/v2\/types\/post"}],"author":[{"embeddable":true,"href":"https:\/\/elpueblonoticia.com.ar\/web\/wp-json\/wp\/v2\/users\/2"}],"replies":[{"embeddable":true,"href":"https:\/\/elpueblonoticia.com.ar\/web\/wp-json\/wp\/v2\/comments?post=7363"}],"version-history":[{"count":1,"href":"https:\/\/elpueblonoticia.com.ar\/web\/wp-json\/wp\/v2\/posts\/7363\/revisions"}],"predecessor-version":[{"id":7365,"href":"https:\/\/elpueblonoticia.com.ar\/web\/wp-json\/wp\/v2\/posts\/7363\/revisions\/7365"}],"wp:featuredmedia":[{"embeddable":true,"href":"https:\/\/elpueblonoticia.com.ar\/web\/wp-json\/wp\/v2\/media\/7364"}],"wp:attachment":[{"href":"https:\/\/elpueblonoticia.com.ar\/web\/wp-json\/wp\/v2\/media?parent=7363"}],"wp:term":[{"taxonomy":"category","embeddable":true,"href":"https:\/\/elpueblonoticia.com.ar\/web\/wp-json\/wp\/v2\/categories?post=7363"},{"taxonomy":"post_tag","embeddable":true,"href":"https:\/\/elpueblonoticia.com.ar\/web\/wp-json\/wp\/v2\/tags?post=7363"}],"curies":[{"name":"wp","href":"https:\/\/api.w.org\/{rel}","templated":true}]}}