{"id":7349,"date":"2026-02-26T12:04:15","date_gmt":"2026-02-26T15:04:15","guid":{"rendered":"https:\/\/elpueblonoticia.com.ar\/web\/?p=7349"},"modified":"2026-02-26T12:04:15","modified_gmt":"2026-02-26T15:04:15","slug":"reforma-laboral-la-cgt-no-hara-un-nuevo-paro-pero-ira-a-la-justicia-para-declarar-la-inconstitucionalidad","status":"publish","type":"post","link":"https:\/\/elpueblonoticia.com.ar\/web\/2026\/02\/26\/reforma-laboral-la-cgt-no-hara-un-nuevo-paro-pero-ira-a-la-justicia-para-declarar-la-inconstitucionalidad\/","title":{"rendered":"Reforma laboral: la CGT no har\u00e1 un nuevo paro, pero ir\u00e1 a la Justicia para declarar la &#8220;inconstitucionalidad&#8221;"},"content":{"rendered":"<p><img loading=\"lazy\" decoding=\"async\" class=\"\" src=\"https:\/\/www.impactocorrientes.com\/notix\/multimedia\/fotonotas\/2026-02-25\/2026-02-25-C6-294532.jpg_tb.jpg\" width=\"785\" height=\"522\" \/><\/p>\n<p>La Confederaci\u00f3n General del Trabajo confirm\u00f3 que el lunes presentar\u00e1 un recurso judicial para declarar la inconstitucionalidad de la reforma laboral que impulsa el Gobierno. La central obrera movilizar\u00e1 a sus bases frente a los tribunales de Plaza Lavalle y descart\u00f3 una nueva huelga. En paralelo, el oficialismo ya anticip\u00f3 que retomar\u00e1 en el per\u00edodo ordinario el debate por las licencias m\u00e9dicas en el Senado.<\/p>\n<p>El cosecretario general de la Confederaci\u00f3n General del Trabajo (CGT), Jorge Sola, confirm\u00f3 este mi\u00e9rcoles que el lunes realizar\u00e1n una presentaci\u00f3n judicial contra la reforma laboral que impulsa el Gobierno. La central busca declarar la &#8220;inconstitucionalidad&#8221; de la iniciativa que, todo indica, podr\u00eda sancionarse el viernes en el Senado. La presentaci\u00f3n ser\u00e1 en los tribunales ubicados frente a la plaza Lavalle y estar\u00e1 acompa\u00f1ada de una movilizaci\u00f3n. De esta manera, se descarta un nuevo paro.<\/p>\n<p>Tal c\u00f3mo anticip\u00f3 \u00c1mbito, la CGT da por aprobada la reforma laboral y su apuesta est\u00e1 en los tribunales. Este camino fue refrendando este mi\u00e9rcoles en una reuni\u00f3n de la mesa chica de la central. All\u00ed descartaron realizar un nuevo paro y\/o una movilizaci\u00f3n para cuando se trate en el Senado el pr\u00f3ximo viernes, como si lo har\u00e1n otros gremios m\u00e1s duros. Las fuerzas de la CGT estar\u00e1n puestas en realizar una importante movilizaci\u00f3n que respalde la presentaci\u00f3n judicial apuntada, m\u00e1s en los grises de la norma, que en su totalidad.<\/p>\n<p>Sola no dio detalles de cu\u00e1les ser\u00edan esos puntos, pero s\u00ed se\u00f1al\u00f3 que &#8220;hay varios puntos, que tienen que ver con derechos individuales y colectivos y que alteran, no solamente representaci\u00f3n gremial de los trabajadores, sino tambi\u00e9n lo derechos individuales de cada uno de ellos&#8221;.<\/p>\n<p>La CGT recurre a la instancia judicial despu\u00e9s de intentar, sin \u00e9xito, el di\u00e1logo con el Gobierno y mandatarios provinciales para frenar, al menos, los puntos m\u00e1s graves contra los derechos laborales. &#8220;A la luz de los resultados, pareciera que no ha alcanzado&#8221;, reconoci\u00f3 Sola.<\/p>\n<p>En cu\u00e1nto a las conversaciones con 16 gobernadores, Sola apunt\u00f3, sin nombrar, contra aquellos que hab\u00edan manifestado coincidencias en las criticas de la CGT, pero luego en el Congreso no lo ratificaron con los votos de los legisladores que les responden.<\/p>\n<p>El reclamo contra la reforma laboral no terminar\u00e1 el lunes, seg\u00fan anticip\u00f3 Sola. &#8220;Nuestro plan de acci\u00f3n va a seguir, no s\u00f3lo con la reforma laboral, sino con la gran ca\u00edda de puestos de trabajo, con la desaparici\u00f3n de pymes, con el endeudamiento familiar&#8221;, afirm\u00f3.<\/p>\n<p><strong>El Gobierno reabrir\u00e1 el debate por las licencias m\u00e9dicas en el per\u00edodo ordinario<\/strong><\/p>\n<p>Mientras se prepara el tratamiento de la reforma laboral en el Senado durante el tramo final de las sesiones extraordinarias, el oficialismo ya proyecta una nueva discusi\u00f3n para los pr\u00f3ximos meses: la regulaci\u00f3n de las licencias m\u00e9dicas.<\/p>\n<p>El presidente provisional de la C\u00e1mara Alta, Bartolom\u00e9 Abdala, adelant\u00f3 que el Gobierno buscar\u00e1 impulsar una ley en el per\u00edodo ordinario para modificar el r\u00e9gimen de licencias por enfermedad, un esquema que inicialmente formaba parte del texto de la reforma y que finalmente fue retirado tras generar fuertes cuestionamientos.<\/p>\n<p>El punto en cuesti\u00f3n era el art\u00edculo 44, que introduc\u00eda cambios en el r\u00e9gimen de pago de salarios ante enfermedades o accidentes no vinculados con el trabajo. La redacci\u00f3n original despert\u00f3 cr\u00edticas de la oposici\u00f3n y de sectores aliados, lo que llev\u00f3 a su exclusi\u00f3n para facilitar el avance del proyecto principal.<\/p>\n<p>\u201cEn definitiva, lo de las licencias es algo menor dentro de una ley mucho m\u00e1s amplia, pensada para mejorar el crecimiento en la Argentina. Ese art\u00edculo trataba las enfermedades graves de una manera diferente y por eso se elimin\u00f3, pero de ninguna manera la ley que se va a sancionar el viernes pierde importancia\u201d, sostuvo el senador puntano antes de la sesi\u00f3n prevista para el 27 de febrero.<\/p>\n<p>Abdala tambi\u00e9n dej\u00f3 en claro que m\u00e1s adelante podr\u00eda presentarse una nueva iniciativa para \u201ccorregir\u201d el tema de las licencias por enfermedad. En ese sentido, se\u00f1al\u00f3 que existe preocupaci\u00f3n por casos de licencias prolongadas o presuntamente abusivas y por la circulaci\u00f3n de certificados m\u00e9dicos irregulares, tanto en el sector p\u00fablico como en el privado. \u201cHay que hacer algo\u201d, remarc\u00f3.<\/p>\n","protected":false},"excerpt":{"rendered":"<p>La Confederaci\u00f3n General del Trabajo confirm\u00f3 que el lunes presentar\u00e1 un recurso judicial para declarar la inconstitucionalidad de la reforma laboral que impulsa el Gobierno. La central obrera movilizar\u00e1 a sus bases frente a los tribunales de Plaza Lavalle y descart\u00f3 una nueva huelga. En paralelo, el oficialismo ya anticip\u00f3 que retomar\u00e1 en el per\u00edodo [&hellip;]<\/p>\n","protected":false},"author":2,"featured_media":7350,"comment_status":"open","ping_status":"open","sticky":false,"template":"","format":"standard","meta":{"footnotes":""},"categories":[66],"tags":[],"class_list":{"0":"post-7349","1":"post","2":"type-post","3":"status-publish","4":"format-standard","5":"has-post-thumbnail","7":"category-politica-nacionales"},"_links":{"self":[{"href":"https:\/\/elpueblonoticia.com.ar\/web\/wp-json\/wp\/v2\/posts\/7349","targetHints":{"allow":["GET"]}}],"collection":[{"href":"https:\/\/elpueblonoticia.com.ar\/web\/wp-json\/wp\/v2\/posts"}],"about":[{"href":"https:\/\/elpueblonoticia.com.ar\/web\/wp-json\/wp\/v2\/types\/post"}],"author":[{"embeddable":true,"href":"https:\/\/elpueblonoticia.com.ar\/web\/wp-json\/wp\/v2\/users\/2"}],"replies":[{"embeddable":true,"href":"https:\/\/elpueblonoticia.com.ar\/web\/wp-json\/wp\/v2\/comments?post=7349"}],"version-history":[{"count":1,"href":"https:\/\/elpueblonoticia.com.ar\/web\/wp-json\/wp\/v2\/posts\/7349\/revisions"}],"predecessor-version":[{"id":7351,"href":"https:\/\/elpueblonoticia.com.ar\/web\/wp-json\/wp\/v2\/posts\/7349\/revisions\/7351"}],"wp:featuredmedia":[{"embeddable":true,"href":"https:\/\/elpueblonoticia.com.ar\/web\/wp-json\/wp\/v2\/media\/7350"}],"wp:attachment":[{"href":"https:\/\/elpueblonoticia.com.ar\/web\/wp-json\/wp\/v2\/media?parent=7349"}],"wp:term":[{"taxonomy":"category","embeddable":true,"href":"https:\/\/elpueblonoticia.com.ar\/web\/wp-json\/wp\/v2\/categories?post=7349"},{"taxonomy":"post_tag","embeddable":true,"href":"https:\/\/elpueblonoticia.com.ar\/web\/wp-json\/wp\/v2\/tags?post=7349"}],"curies":[{"name":"wp","href":"https:\/\/api.w.org\/{rel}","templated":true}]}}