{"id":7345,"date":"2026-02-26T11:38:38","date_gmt":"2026-02-26T14:38:38","guid":{"rendered":"https:\/\/elpueblonoticia.com.ar\/web\/?p=7345"},"modified":"2026-02-26T11:38:38","modified_gmt":"2026-02-26T14:38:38","slug":"anses-lanzo-la-convocatoria-para-las-becas-progresar","status":"publish","type":"post","link":"https:\/\/elpueblonoticia.com.ar\/web\/2026\/02\/26\/anses-lanzo-la-convocatoria-para-las-becas-progresar\/","title":{"rendered":"Anses lanz\u00f3 la convocatoria para las Becas Progresar"},"content":{"rendered":"<p>La Administraci\u00f3n Nacional de la Seguridad Social (Anses) habilit\u00f3 el registro para las Becas Progresar 2026, destinadas a j\u00f3venes que buscan finalizar su escolaridad, cursar estudios superiores o capacitarse en oficios.<\/p>\n<div>\n<p>\u00a0El tr\u00e1mite se realiza de manera virtual mediante el sitio oficial o la app Progresar+. Los aspirantes deben completar sus datos personales y acad\u00e9micos, asegur\u00e1ndose de que sus ingresos familiares no superen tres Salarios M\u00ednimos, Vitales y M\u00f3viles (Smvm).<\/p>\n<p><strong>Quienes pueden anotarse<\/strong><\/p>\n<p>La l\u00ednea Superior abarca a estudiantes de entre 17 y 24 a\u00f1os (hasta 30 para avanzados y sin l\u00edmite en Enfermer\u00eda) que asistan a universidades e institutos p\u00fablicos. Por otro lado, la modalidad Obligatorio se enfoca en j\u00f3venes de 16 a 24 a\u00f1os que necesiten terminar la primaria o secundaria, exigiendo regularidad escolar, esquema de vacunaci\u00f3n completo y la realizaci\u00f3n de cursos de orientaci\u00f3n vocacional.<\/p>\n<p>Para quienes buscan formaci\u00f3n en oficios, la opci\u00f3n Progresar Trabajo recibe a solicitantes de 18 a 24 a\u00f1os, extendi\u00e9ndose hasta los 40 a\u00f1os para quienes no posean un empleo formal. En todos los casos, es requisito indispensable ser argentino o contar con residencia legal de al menos dos a\u00f1os (cinco para el nivel superior) y acreditar el progreso acad\u00e9mico estipulado por el programa.<\/p>\n<p><strong>Como inscribirse<\/strong><\/p>\n<p>Tras iniciar sesi\u00f3n en la plataforma, se selecciona la l\u00ednea correspondiente y se env\u00eda la solicitud. Es fundamental revisar que la informaci\u00f3n socioecon\u00f3mica sea correcta, ya que de ello depende la adjudicaci\u00f3n del beneficio. Una vez enviado, el sistema procesar\u00e1 la postulaci\u00f3n para confirmar el ingreso a esta ayuda estatal durante el presente ciclo lectivo.<\/p>\n<\/div>\n","protected":false},"excerpt":{"rendered":"<p>La Administraci\u00f3n Nacional de la Seguridad Social (Anses) habilit\u00f3 el registro para las Becas Progresar 2026, destinadas a j\u00f3venes que buscan finalizar su escolaridad, cursar estudios superiores o capacitarse en oficios. \u00a0El tr\u00e1mite se realiza de manera virtual mediante el sitio oficial o la app Progresar+. Los aspirantes deben completar sus datos personales y acad\u00e9micos, [&hellip;]<\/p>\n","protected":false},"author":2,"featured_media":7346,"comment_status":"open","ping_status":"open","sticky":false,"template":"","format":"standard","meta":{"footnotes":""},"categories":[78],"tags":[],"class_list":{"0":"post-7345","1":"post","2":"type-post","3":"status-publish","4":"format-standard","5":"has-post-thumbnail","7":"category-generales"},"_links":{"self":[{"href":"https:\/\/elpueblonoticia.com.ar\/web\/wp-json\/wp\/v2\/posts\/7345","targetHints":{"allow":["GET"]}}],"collection":[{"href":"https:\/\/elpueblonoticia.com.ar\/web\/wp-json\/wp\/v2\/posts"}],"about":[{"href":"https:\/\/elpueblonoticia.com.ar\/web\/wp-json\/wp\/v2\/types\/post"}],"author":[{"embeddable":true,"href":"https:\/\/elpueblonoticia.com.ar\/web\/wp-json\/wp\/v2\/users\/2"}],"replies":[{"embeddable":true,"href":"https:\/\/elpueblonoticia.com.ar\/web\/wp-json\/wp\/v2\/comments?post=7345"}],"version-history":[{"count":1,"href":"https:\/\/elpueblonoticia.com.ar\/web\/wp-json\/wp\/v2\/posts\/7345\/revisions"}],"predecessor-version":[{"id":7347,"href":"https:\/\/elpueblonoticia.com.ar\/web\/wp-json\/wp\/v2\/posts\/7345\/revisions\/7347"}],"wp:featuredmedia":[{"embeddable":true,"href":"https:\/\/elpueblonoticia.com.ar\/web\/wp-json\/wp\/v2\/media\/7346"}],"wp:attachment":[{"href":"https:\/\/elpueblonoticia.com.ar\/web\/wp-json\/wp\/v2\/media?parent=7345"}],"wp:term":[{"taxonomy":"category","embeddable":true,"href":"https:\/\/elpueblonoticia.com.ar\/web\/wp-json\/wp\/v2\/categories?post=7345"},{"taxonomy":"post_tag","embeddable":true,"href":"https:\/\/elpueblonoticia.com.ar\/web\/wp-json\/wp\/v2\/tags?post=7345"}],"curies":[{"name":"wp","href":"https:\/\/api.w.org\/{rel}","templated":true}]}}