{"id":7341,"date":"2026-02-26T11:09:50","date_gmt":"2026-02-26T14:09:50","guid":{"rendered":"https:\/\/elpueblonoticia.com.ar\/web\/?p=7341"},"modified":"2026-02-26T11:09:50","modified_gmt":"2026-02-26T14:09:50","slug":"confirmado-el-cuerpo-hallado-en-el-rio-es-del-empresario-marcelo-boschi","status":"publish","type":"post","link":"https:\/\/elpueblonoticia.com.ar\/web\/2026\/02\/26\/confirmado-el-cuerpo-hallado-en-el-rio-es-del-empresario-marcelo-boschi\/","title":{"rendered":"Confirmado: el cuerpo hallado en el r\u00edo es del empresario Marcelo Boschi"},"content":{"rendered":"<div>\n<p class=\"copete\">El hallazgo se produjo en Timb\u00f3 Quemado, aguas abajo de Puerto Reconquista. Prefectura trabaja en el lugar.<\/p>\n<p>En medio de la\u00a0desesperada b\u00fasqueda del empresario\u00a0<strong>Marcelo Boschi\u00a0en el norte de Santa Fe, este jueves fue hallado su cuerpo sin vida en la zona de Timb\u00f3 Quemado, aguas abajo de\u00a0Puerto Reconquista.<\/strong><\/p>\n<p>Seg\u00fan inform\u00f3 el medio\u00a0<em>Aires de Santa Fe<\/em>,\u00a0<strong>familiares del empresario se acercaron hasta el lugar y confirmaron que se trataba de \u00e9l.<\/strong><\/p>\n<p><a class=\"fotos-desarrollo unlink\" title=\"Confirmado: el cuerpo hallado en el r\u00edo es del empresario Marcelo Boschi\" href=\"https:\/\/www.radiosudamericana.com\/notix\/multimedia\/imagenes\/fotos\/2026-02-26\/945393.png\"><img decoding=\"async\" class=\"img-responsive\" src=\"https:\/\/www.radiosudamericana.com\/notix\/multimedia\/imagenes\/fotos\/2026-02-26\/945393.png_nota.png\" \/><\/a><\/p>\n<p>El cuerpo fue divisado a primera hora de la ma\u00f1ana en la zona ribere\u00f1a conocida como Timb\u00f3 Quemado, un sector ubicado aguas abajo de Puerto Reconquista. De inmediato se dio aviso a las autoridades.<\/p>\n<p>A las 09:00, efectivos de Prefectura continuaban trabajando en el lugar, preservando la escena y realizando las tareas de extracci\u00f3n bajo los protocolos judiciales vigentes. La investigaci\u00f3n qued\u00f3 a cargo de la Justicia, que deber\u00e1 confirmar identidad y causas de muerte.<\/p>\n<h3><strong>La desaparici\u00f3n de Marcelo Boschi en Reconquista<\/strong><\/h3>\n<p>La aparici\u00f3n del cuerpo se da en el marco de la intensa b\u00fasqueda de Marcelo Boschi, empresario de 55 a\u00f1os cuya desaparici\u00f3n mantuvo en vilo a la comunidad durante d\u00edas.<\/p>\n<p>Seg\u00fan la reconstrucci\u00f3n preliminar, el martes por la ma\u00f1ana a las 5:55 qued\u00f3 registrado en im\u00e1genes navegando solo en su lancha por el r\u00edo San Jer\u00f3nimo. Minutos despu\u00e9s, una persona que transitaba por la zona de Boca de los Amores lo observ\u00f3 maniobrando en un sector profundo del r\u00edo.<\/p>\n<p><a class=\"fotos-desarrollo unlink\" title=\"Confirmado: el cuerpo hallado en el r\u00edo es del empresario Marcelo Boschi\" href=\"https:\/\/www.radiosudamericana.com\/notix\/multimedia\/imagenes\/fotos\/2026-02-26\/703039.png\"><img decoding=\"async\" class=\"img-responsive\" src=\"https:\/\/www.radiosudamericana.com\/notix\/multimedia\/imagenes\/fotos\/2026-02-26\/703039.png_nota.png\" \/><\/a><\/p>\n<p>Sin embargo, cuando ese mismo testigo volvi\u00f3 a pasar unos 40 minutos m\u00e1s tarde, la embarcaci\u00f3n estaba a la deriva y sin tripulante.<\/p>\n<p>La lancha fue encontrada posteriormente sin ocupantes, lo que dio inicio a un operativo de rastrillaje por agua y tierra<\/p>\n<\/div>\n","protected":false},"excerpt":{"rendered":"<p>El hallazgo se produjo en Timb\u00f3 Quemado, aguas abajo de Puerto Reconquista. Prefectura trabaja en el lugar. En medio de la\u00a0desesperada b\u00fasqueda del empresario\u00a0Marcelo Boschi\u00a0en el norte de Santa Fe, este jueves fue hallado su cuerpo sin vida en la zona de Timb\u00f3 Quemado, aguas abajo de\u00a0Puerto Reconquista. Seg\u00fan inform\u00f3 el medio\u00a0Aires de Santa Fe,\u00a0familiares [&hellip;]<\/p>\n","protected":false},"author":2,"featured_media":7342,"comment_status":"open","ping_status":"open","sticky":false,"template":"","format":"standard","meta":{"footnotes":""},"categories":[68],"tags":[],"class_list":{"0":"post-7341","1":"post","2":"type-post","3":"status-publish","4":"format-standard","5":"has-post-thumbnail","7":"category-policiales-nacionales"},"_links":{"self":[{"href":"https:\/\/elpueblonoticia.com.ar\/web\/wp-json\/wp\/v2\/posts\/7341","targetHints":{"allow":["GET"]}}],"collection":[{"href":"https:\/\/elpueblonoticia.com.ar\/web\/wp-json\/wp\/v2\/posts"}],"about":[{"href":"https:\/\/elpueblonoticia.com.ar\/web\/wp-json\/wp\/v2\/types\/post"}],"author":[{"embeddable":true,"href":"https:\/\/elpueblonoticia.com.ar\/web\/wp-json\/wp\/v2\/users\/2"}],"replies":[{"embeddable":true,"href":"https:\/\/elpueblonoticia.com.ar\/web\/wp-json\/wp\/v2\/comments?post=7341"}],"version-history":[{"count":1,"href":"https:\/\/elpueblonoticia.com.ar\/web\/wp-json\/wp\/v2\/posts\/7341\/revisions"}],"predecessor-version":[{"id":7343,"href":"https:\/\/elpueblonoticia.com.ar\/web\/wp-json\/wp\/v2\/posts\/7341\/revisions\/7343"}],"wp:featuredmedia":[{"embeddable":true,"href":"https:\/\/elpueblonoticia.com.ar\/web\/wp-json\/wp\/v2\/media\/7342"}],"wp:attachment":[{"href":"https:\/\/elpueblonoticia.com.ar\/web\/wp-json\/wp\/v2\/media?parent=7341"}],"wp:term":[{"taxonomy":"category","embeddable":true,"href":"https:\/\/elpueblonoticia.com.ar\/web\/wp-json\/wp\/v2\/categories?post=7341"},{"taxonomy":"post_tag","embeddable":true,"href":"https:\/\/elpueblonoticia.com.ar\/web\/wp-json\/wp\/v2\/tags?post=7341"}],"curies":[{"name":"wp","href":"https:\/\/api.w.org\/{rel}","templated":true}]}}