{"id":7329,"date":"2026-02-26T10:40:54","date_gmt":"2026-02-26T13:40:54","guid":{"rendered":"https:\/\/elpueblonoticia.com.ar\/web\/?p=7329"},"modified":"2026-02-26T10:40:54","modified_gmt":"2026-02-26T13:40:54","slug":"fiesta-en-itati-padre-claudio-munoz-nuevo-rector-del-santuario-mariano-correntino","status":"publish","type":"post","link":"https:\/\/elpueblonoticia.com.ar\/web\/2026\/02\/26\/fiesta-en-itati-padre-claudio-munoz-nuevo-rector-del-santuario-mariano-correntino\/","title":{"rendered":"FIESTA EN ITAT\u00cd: Padre Claudio Mu\u00f1oz nuevo Rector del santuario mariano correntino"},"content":{"rendered":"<h5>En el marco de los 90 a\u00f1os de presencia orionita, asumir\u00e1 el 1\u00b0 de marzo en una ceremonia presidida por el arzobispo Jos\u00e9 Larregain. Coincidir\u00e1 con la apertura del A\u00f1o Pastoral arquidiocesano.<\/h5>\n<p><img data-src=\"https:\/\/aica.org\/imagenes\/noticias\/itati-el-padre-claudio-munoz-nuevo-rector-del-santuario-mariano-correntino-acXW.jpg\" \/>El padre Claudio Mu\u00f1oz, nuevo rector del santuario mariano<img data-src=\"https:\/\/aica.org\/imagenes\/donar-aica.gif\" \/><\/p>\n<p>La comunidad cat\u00f3lica de\u00a0<b>Itat\u00ed<\/b>\u00a0se prepara para una jornada de especial relevancia eclesial e institucional: el domingo 1\u00b0 de marzo, a las 19, el padre\u00a0<b>Claudio Mu\u00f1oz<\/b>\u00a0FDP asumir\u00e1 como nuevo rector de la bas\u00edlica y p\u00e1rroco del santuario de Nuestra Se\u00f1ora de Itat\u00ed.<\/p>\n<div id=\"Inline\" class=\"banner-in-text\"><\/div>\n<p>&nbsp;<\/p>\n<p>La celebraci\u00f3n ser\u00e1 presidida por el arzobispo de Corrientes, monse\u00f1or\u00a0<b>Jos\u00e9 Adolfo Larregain<\/b>\u00a0OFM, y coincidir\u00e1 con la apertura del A\u00f1o Pastoral de la arquidi\u00f3cesis.<\/p>\n<div id=\"Leaderboard_2\" class=\"banner-in-text\"><\/div>\n<div id=\"MobileRectangle_2\" class=\"banner-in-text\"><\/div>\n<p>&nbsp;<\/p>\n<p>El padre Mu\u00f1oz se convertir\u00e1 en el 130\u00b0 p\u00e1rroco desde la fundaci\u00f3n del pueblo en 1615, en una sucesi\u00f3n hist\u00f3rica que incluy\u00f3 franciscanos, benedictinos, sacerdotes diocesanos y miembros de la Obra de Don Orione. Asimismo, ser\u00e1 el 24\u00b0 p\u00e1rroco de la etapa orionita, iniciada en 1936, cuando la congregaci\u00f3n asumi\u00f3 el servicio pastoral en el santuario.<\/p>\n<div id=\"Parallax\" class=\"banner-in-text\"><\/div>\n<p><img data-src=\"https:\/\/aica.org\/imagenes\/noticias\/internas\/202602251141-109.jpg\" \/><\/p>\n<p>Este relevo adquiere un significado particular, ya que el 25 de enero se cumplieron 90 a\u00f1os de la llegada de la Obra Don Orione a Itat\u00ed, acontecimiento que marc\u00f3 profundamente la identidad religiosa y social de la localidad correntina.<\/p>\n<div id=\"MediumRectangle_2\" class=\"banner-in-text\"><\/div>\n<div id=\"MobileRectangle_3\" class=\"banner-in-text\"><\/div>\n<p><b>Trayectoria y nuevo equipo pastoral<\/b><\/p>\n<p><b><\/b>Actualmente, el padre Mu\u00f1oz se desempe\u00f1a como director del Cottolengo Don Orione en\u00a0<b>Mariano Roque Alonso<\/b>, Paraguay. Junto a \u00e9l se incorporar\u00e1n a la comunidad el padre\u00a0<b>Roberto Delfino Anonis<\/b>\u00a0FDP, oriundo de Itat\u00ed y ordenado sacerdote en la bas\u00edlica en 1990, y el padre\u00a0<b>Humberto Jos\u00e9 Ruiz D\u00edaz Riveros<\/b>\u00a0FDP, de Paraguay, ordenado en septiembre de 2024.<\/p>\n<div id=\"MobileRectangle_4\" class=\"banner-in-text\"><\/div>\n<p>Por su parte, dejar\u00e1n la comunidad el actual rector, padre\u00a0<b>Porfirio Ram\u00edrez<\/b>\u00a0FDP, junto con los padres\u00a0<b>Guillermo Campos<\/b>,\u00a0<b>Jos\u00e9 Maciel<\/b>\u00a0y el hermano\u00a0<b>Evaristo Rol\u00f3n<\/b>. Permanecer\u00e1n en sus funciones en el santuario los sacerdotes\u00a0<b>Feliciano de los Mozos<\/b>\u00a0y\u00a0<b>Bernab\u00e9 R\u00edos Mar\u00edn<\/b>.<\/p>\n<p>&nbsp;<\/p>\n<p><b>Nueva etapa orionita en la regi\u00f3n<\/b><\/p>\n<p><b><\/b>El traspaso de funciones marca el inicio de una nueva etapa en uno de los principales centros de peregrinaci\u00f3n del Cono Sur, bajo el carisma de la Obra fundada por san\u00a0<b>Luis Orione<\/b>.<\/p>\n<p>&nbsp;<\/p>\n<p>Se espera una significativa participaci\u00f3n de fieles, autoridades y miembros de la familia orionita en la ceremonia, que tambi\u00e9n ser\u00e1 transmitida en directo a trav\u00e9s de redes sociales para quienes no puedan asistir presencialmente.<\/p>\n","protected":false},"excerpt":{"rendered":"<p>En el marco de los 90 a\u00f1os de presencia orionita, asumir\u00e1 el 1\u00b0 de marzo en una ceremonia presidida por el arzobispo Jos\u00e9 Larregain. Coincidir\u00e1 con la apertura del A\u00f1o Pastoral arquidiocesano. El padre Claudio Mu\u00f1oz, nuevo rector del santuario mariano La comunidad cat\u00f3lica de\u00a0Itat\u00ed\u00a0se prepara para una jornada de especial relevancia eclesial e institucional: [&hellip;]<\/p>\n","protected":false},"author":2,"featured_media":7330,"comment_status":"open","ping_status":"open","sticky":false,"template":"","format":"standard","meta":{"footnotes":""},"categories":[78],"tags":[],"class_list":{"0":"post-7329","1":"post","2":"type-post","3":"status-publish","4":"format-standard","5":"has-post-thumbnail","7":"category-generales"},"_links":{"self":[{"href":"https:\/\/elpueblonoticia.com.ar\/web\/wp-json\/wp\/v2\/posts\/7329","targetHints":{"allow":["GET"]}}],"collection":[{"href":"https:\/\/elpueblonoticia.com.ar\/web\/wp-json\/wp\/v2\/posts"}],"about":[{"href":"https:\/\/elpueblonoticia.com.ar\/web\/wp-json\/wp\/v2\/types\/post"}],"author":[{"embeddable":true,"href":"https:\/\/elpueblonoticia.com.ar\/web\/wp-json\/wp\/v2\/users\/2"}],"replies":[{"embeddable":true,"href":"https:\/\/elpueblonoticia.com.ar\/web\/wp-json\/wp\/v2\/comments?post=7329"}],"version-history":[{"count":1,"href":"https:\/\/elpueblonoticia.com.ar\/web\/wp-json\/wp\/v2\/posts\/7329\/revisions"}],"predecessor-version":[{"id":7331,"href":"https:\/\/elpueblonoticia.com.ar\/web\/wp-json\/wp\/v2\/posts\/7329\/revisions\/7331"}],"wp:featuredmedia":[{"embeddable":true,"href":"https:\/\/elpueblonoticia.com.ar\/web\/wp-json\/wp\/v2\/media\/7330"}],"wp:attachment":[{"href":"https:\/\/elpueblonoticia.com.ar\/web\/wp-json\/wp\/v2\/media?parent=7329"}],"wp:term":[{"taxonomy":"category","embeddable":true,"href":"https:\/\/elpueblonoticia.com.ar\/web\/wp-json\/wp\/v2\/categories?post=7329"},{"taxonomy":"post_tag","embeddable":true,"href":"https:\/\/elpueblonoticia.com.ar\/web\/wp-json\/wp\/v2\/tags?post=7329"}],"curies":[{"name":"wp","href":"https:\/\/api.w.org\/{rel}","templated":true}]}}