{"id":7325,"date":"2026-02-26T10:35:37","date_gmt":"2026-02-26T13:35:37","guid":{"rendered":"https:\/\/elpueblonoticia.com.ar\/web\/?p=7325"},"modified":"2026-02-26T10:35:37","modified_gmt":"2026-02-26T13:35:37","slug":"encuentro-radical-juan-pablo-valdes-viaja-a-santa-fe-este-viernes","status":"publish","type":"post","link":"https:\/\/elpueblonoticia.com.ar\/web\/2026\/02\/26\/encuentro-radical-juan-pablo-valdes-viaja-a-santa-fe-este-viernes\/","title":{"rendered":"ENCUENTRO RADICAL: Juan Pablo Vald\u00e9s viaja a Santa Fe este Viernes"},"content":{"rendered":"<p>Participar\u00e1 del encuentro de la UCR nacional en Santa Fe, ser\u00e1 durante toda la jornada de este viernes 27 de febrero.<\/p>\n<div id=\"MobileRectangle_2\" class=\"banner-in-text\"><\/div>\n<p>El gobernador de Corrientes Juan Pablo Vald\u00e9s participar\u00e1 este viernes 27 de febrero del Encuentro Nacional de Intendentes Radicales en la provincia de Santa Fe. Adem\u00e1s, fueron convocados m\u00e1s de 300 intendentes radicales de todo el pa\u00eds. Se trata de uno de los distritos donde los docentes acuden a los actos a donde va el gobernador Maximiliano Pullaro, para reclamar por mejoras salariales.<\/p>\n<p>&nbsp;<\/p>\n<div id=\"Parallax\" class=\"banner-in-text\"><\/div>\n<p>El mandatario correntino ser\u00e1 parte del Encuentro Nacional de Intendentes Radicales, que se realizar\u00e1 este viernes en Santa Fe. El encuentro convoc\u00f3 a m\u00e1s de 300 intendentes de todo el pa\u00eds, adem\u00e1s estar\u00e1n presentes otros gobernadores radicales.<\/p>\n<p>&nbsp;<\/p>\n<div id=\"MediumRectangle_2\" class=\"banner-in-text\"><\/div>\n<div id=\"MobileRectangle_3\" class=\"banner-in-text\"><\/div>\n<p>Los mandatarios ser\u00e1n recibidos por su par Maximiliano Pullaro, que har\u00e1 las veces de anfitri\u00f3n junto al presidente del partido a nivel nacional e intendente de Venado Tuerto, Leonel Chiarella y al titular de la UCR provincial, Felipe Michlig.<\/p>\n<p>&nbsp;<\/p>\n<div id=\"MobileRectangle_4\" class=\"banner-in-text\"><\/div>\n<p>Tras las palabras de bienvenida, se programaron dos charlas. Abrir\u00e1 \u201cComunicaci\u00f3n en el mundo actual y el rol de la pol\u00edtica local\u201d a cargo de Rosendo Grobocopatel. Luego ser\u00e1 el turno del economista Santiago Bulat que dar\u00e1 la charla \u201cDescifrando la econom\u00eda 2026\u201d.<\/p>\n<p>&nbsp;<\/p>\n<p>La provincia de Santa Fe desde hace semanas es noticia por los reclamos de mejora salarial, primero los polic\u00edas que llevaron adelante tres d\u00edas de protesta y ahora, los docentes que concurren a cada acto donde va el gobernador Pullaro para expresar su rechazo a los aumentos salariales otorgados. Mejoras que consideran insuficientes.<\/p>\n","protected":false},"excerpt":{"rendered":"<p>Participar\u00e1 del encuentro de la UCR nacional en Santa Fe, ser\u00e1 durante toda la jornada de este viernes 27 de febrero. El gobernador de Corrientes Juan Pablo Vald\u00e9s participar\u00e1 este viernes 27 de febrero del Encuentro Nacional de Intendentes Radicales en la provincia de Santa Fe. Adem\u00e1s, fueron convocados m\u00e1s de 300 intendentes radicales de [&hellip;]<\/p>\n","protected":false},"author":2,"featured_media":7326,"comment_status":"open","ping_status":"open","sticky":false,"template":"","format":"standard","meta":{"footnotes":""},"categories":[66],"tags":[],"class_list":{"0":"post-7325","1":"post","2":"type-post","3":"status-publish","4":"format-standard","5":"has-post-thumbnail","7":"category-politica-nacionales"},"_links":{"self":[{"href":"https:\/\/elpueblonoticia.com.ar\/web\/wp-json\/wp\/v2\/posts\/7325","targetHints":{"allow":["GET"]}}],"collection":[{"href":"https:\/\/elpueblonoticia.com.ar\/web\/wp-json\/wp\/v2\/posts"}],"about":[{"href":"https:\/\/elpueblonoticia.com.ar\/web\/wp-json\/wp\/v2\/types\/post"}],"author":[{"embeddable":true,"href":"https:\/\/elpueblonoticia.com.ar\/web\/wp-json\/wp\/v2\/users\/2"}],"replies":[{"embeddable":true,"href":"https:\/\/elpueblonoticia.com.ar\/web\/wp-json\/wp\/v2\/comments?post=7325"}],"version-history":[{"count":1,"href":"https:\/\/elpueblonoticia.com.ar\/web\/wp-json\/wp\/v2\/posts\/7325\/revisions"}],"predecessor-version":[{"id":7327,"href":"https:\/\/elpueblonoticia.com.ar\/web\/wp-json\/wp\/v2\/posts\/7325\/revisions\/7327"}],"wp:featuredmedia":[{"embeddable":true,"href":"https:\/\/elpueblonoticia.com.ar\/web\/wp-json\/wp\/v2\/media\/7326"}],"wp:attachment":[{"href":"https:\/\/elpueblonoticia.com.ar\/web\/wp-json\/wp\/v2\/media?parent=7325"}],"wp:term":[{"taxonomy":"category","embeddable":true,"href":"https:\/\/elpueblonoticia.com.ar\/web\/wp-json\/wp\/v2\/categories?post=7325"},{"taxonomy":"post_tag","embeddable":true,"href":"https:\/\/elpueblonoticia.com.ar\/web\/wp-json\/wp\/v2\/tags?post=7325"}],"curies":[{"name":"wp","href":"https:\/\/api.w.org\/{rel}","templated":true}]}}