{"id":7317,"date":"2026-02-26T08:20:55","date_gmt":"2026-02-26T11:20:55","guid":{"rendered":"https:\/\/elpueblonoticia.com.ar\/web\/?p=7317"},"modified":"2026-02-26T08:20:55","modified_gmt":"2026-02-26T11:20:55","slug":"basquet-formativo-se-viene-el-pre-federal-formativo-2026-con-record-de-clubes-inscriptos","status":"publish","type":"post","link":"https:\/\/elpueblonoticia.com.ar\/web\/2026\/02\/26\/basquet-formativo-se-viene-el-pre-federal-formativo-2026-con-record-de-clubes-inscriptos\/","title":{"rendered":"B\u00e1squet formativo: Se viene el Pre-Federal Formativo 2026 con r\u00e9cord de clubes inscriptos"},"content":{"rendered":"<div id=\"modalIntrotext\">\n<div>Por segundo a\u00f1o consecutivo, la Federaci\u00f3n de B\u00e1squet de la Provincia de Corrientes establece una nueva marca en clubes y equipos inscriptos en la competici\u00f3n.\u00a0<span style=\"color: #0066ff;\">Goya estar\u00e1 presente una vez m\u00e1s a trav\u00e9s de sus clubes AGDA, AMAD, ISM, Juventud Unida y Uni\u00f3n con sus divisiones masculinos y femeninos.\u00a0<\/span><\/div>\n<div><\/div>\n<\/div>\n<div><\/div>\n<div><\/div>\n<div>\u00a0 \u00a0 Este fin de semana se dar\u00e1 inicio a la Liga Pre-Federal Formativa 2026, competici\u00f3n<br \/>\norganizada por la Federaci\u00f3n de B\u00e1squet de la Provincia de Corrientes (FBPC). La misma,<br \/>\nclasificar\u00e1 a los representantes correntinos de las categor\u00edas Mini (U11), Infantiles (U13), Cadetes (U15), Juveniles (U17), y Liga Pr\u00f3ximo (U21) a las instancias regionales del campeonato.<\/p>\n<p>Cabe destacar que por segundo a\u00f1o consecutivo el n\u00famero de inscritos marc\u00f3 todo un r\u00e9cord para la FBPC. En total, competir\u00e1n un total de 29 clubes, los cuales inscribieron 94 equipos masculinos y 41 femeninos, dando un total de 135 equipos.<\/p>\n<p>Para dimensionar estos n\u00fameros, en 2025 hab\u00edan participado 90 equipos masculinos y 37 equipos femeninos. Y si vamos m\u00e1s atr\u00e1s, en 2024 hab\u00edan sido 67 en la rama masculina y 19 en la femenina.<br \/>\nEsto marca el notorio crecimiento del b\u00e1squet correntino que se sigue nutriendo de las distintas oportunidades de competici\u00f3n que se brindan desde la FBPC. Adem\u00e1s, en la temporada anterior se hab\u00edan inscrito 28 clubes.<\/p>\n<p>Los 29 clubes que competir\u00e1n este a\u00f1o son: San Mart\u00edn de Capital, Regatas, H\u00e9rcules, C\u00f3rdoba, Juventus, 1536 Viviendas, Don Bosco, Ping\u00fcinos, El Tala, Antorcha, Santa Rosa, Atl\u00e9tico Saladas, AGDA Goya, Espa\u00f1ol, Juventud Unida, Esquina Footbal, AMAD, ISM, Uni\u00f3n, Sportiva, Atl\u00e9tico Mercedes, Comunicaciones, San Lorenzo de Monte Caseros, San Mart\u00edn de Curuz\u00fa Cuat\u00eda, Belgrano, Recreativo, Barraca, Sagrado Coraz\u00f3n, Alvear.<\/p><\/div>\n","protected":false},"excerpt":{"rendered":"<p>Por segundo a\u00f1o consecutivo, la Federaci\u00f3n de B\u00e1squet de la Provincia de Corrientes establece una nueva marca en clubes y equipos inscriptos en la competici\u00f3n.\u00a0Goya estar\u00e1 presente una vez m\u00e1s a trav\u00e9s de sus clubes AGDA, AMAD, ISM, Juventud Unida y Uni\u00f3n con sus divisiones masculinos y femeninos.\u00a0 \u00a0 \u00a0 Este fin de semana se [&hellip;]<\/p>\n","protected":false},"author":2,"featured_media":7318,"comment_status":"open","ping_status":"open","sticky":false,"template":"","format":"standard","meta":{"footnotes":""},"categories":[76],"tags":[],"class_list":{"0":"post-7317","1":"post","2":"type-post","3":"status-publish","4":"format-standard","5":"has-post-thumbnail","7":"category-deportes"},"_links":{"self":[{"href":"https:\/\/elpueblonoticia.com.ar\/web\/wp-json\/wp\/v2\/posts\/7317","targetHints":{"allow":["GET"]}}],"collection":[{"href":"https:\/\/elpueblonoticia.com.ar\/web\/wp-json\/wp\/v2\/posts"}],"about":[{"href":"https:\/\/elpueblonoticia.com.ar\/web\/wp-json\/wp\/v2\/types\/post"}],"author":[{"embeddable":true,"href":"https:\/\/elpueblonoticia.com.ar\/web\/wp-json\/wp\/v2\/users\/2"}],"replies":[{"embeddable":true,"href":"https:\/\/elpueblonoticia.com.ar\/web\/wp-json\/wp\/v2\/comments?post=7317"}],"version-history":[{"count":1,"href":"https:\/\/elpueblonoticia.com.ar\/web\/wp-json\/wp\/v2\/posts\/7317\/revisions"}],"predecessor-version":[{"id":7319,"href":"https:\/\/elpueblonoticia.com.ar\/web\/wp-json\/wp\/v2\/posts\/7317\/revisions\/7319"}],"wp:featuredmedia":[{"embeddable":true,"href":"https:\/\/elpueblonoticia.com.ar\/web\/wp-json\/wp\/v2\/media\/7318"}],"wp:attachment":[{"href":"https:\/\/elpueblonoticia.com.ar\/web\/wp-json\/wp\/v2\/media?parent=7317"}],"wp:term":[{"taxonomy":"category","embeddable":true,"href":"https:\/\/elpueblonoticia.com.ar\/web\/wp-json\/wp\/v2\/categories?post=7317"},{"taxonomy":"post_tag","embeddable":true,"href":"https:\/\/elpueblonoticia.com.ar\/web\/wp-json\/wp\/v2\/tags?post=7317"}],"curies":[{"name":"wp","href":"https:\/\/api.w.org\/{rel}","templated":true}]}}