{"id":7309,"date":"2026-02-26T07:52:23","date_gmt":"2026-02-26T10:52:23","guid":{"rendered":"https:\/\/elpueblonoticia.com.ar\/web\/?p=7309"},"modified":"2026-02-26T07:52:23","modified_gmt":"2026-02-26T10:52:23","slug":"febrero-complica-la-meta-oficial-de-inflacion-consultoras-preven-otro-mes-con-alza-cercana-al-3","status":"publish","type":"post","link":"https:\/\/elpueblonoticia.com.ar\/web\/2026\/02\/26\/febrero-complica-la-meta-oficial-de-inflacion-consultoras-preven-otro-mes-con-alza-cercana-al-3\/","title":{"rendered":"Febrero complica la meta oficial de inflaci\u00f3n: consultoras prev\u00e9n otro mes con alza cercana al 3%"},"content":{"rendered":"<div id=\"modalIntrotext\">\n<div>NA &#8211; El presidente Milei hab\u00eda prometido que la inflaci\u00f3n estar\u00eda debajo del 1% a inicios del segundo semestre, estimaci\u00f3n que est\u00e1 en jaque.<\/div>\n<div><\/div>\n<div><\/div>\n<div><\/div>\n<div>\n<div class=\"contenido\">\n<div id=\"modalFulltext\">\u00a0Buenos Aires, 25 febrero (NA) \u2013 La inflaci\u00f3n de febrero apunta a ubicarse entre el 2,5% y 3%, impulsada por subas en alimentos y servicios p\u00fablicos, seg\u00fan revelan estudios privados. El ritmo de suba de precios est\u00e1 lejos de la intenci\u00f3n del Gobierno, que pretend\u00eda perforar el 2% durante el primer trimestre del a\u00f1o.<\/p>\n<p>El presidente Javier Milei hab\u00eda prometido que la inflaci\u00f3n estar\u00eda debajo del 1% a inicios del segundo semestre, estimaci\u00f3n que est\u00e1 en jaque luego del comportamiento de los precios en el primer bimestre.<\/p>\n<p>En enero la inflaci\u00f3n fue de 2,9% y sum\u00f3 el quinto mes consecutivo de crecimiento con relaci\u00f3n al mes anterior.<\/p>\n<p>De confirmarse los datos que revelan las consultoras privadas, en febrero se completar\u00eda un semestre con curva ascendente, pese a que se mantiene el plan del oficialismo de no emisi\u00f3n de pesos, a lo que se suma una pol\u00edtica cambiaria que busca contener el precio de la divisa.<\/p>\n<p>La inflaci\u00f3n de febrero seg\u00fan las consultoras privadas<br \/>\nEl \u00faltimo relevamiento de la consultora LCG que recibi\u00f3 Agencia Noticias Argentinas detect\u00f3 que los alimentos acumulan una suba superior al 3% en las \u00faltimas cuatro semanas, con elementos b\u00e1sicos como la carne y las verduras impulsando ese avance.<\/p>\n<p>En tanto, Eco Go se\u00f1al\u00f3 que durante la tercera semana del mes los precios de los alimentos consumidos dentro del hogar registraron una suba de 0,5%.<\/p>\n<p>\u201cLa inflaci\u00f3n de los alimentos dentro del hogar se proyecta en torno al 2,9% para febrero. Al incorporar la variaci\u00f3n de los alimentos consumidos fuera del hogar (1,9%), la inflaci\u00f3n del rubro alimentos es de 2,7%,\u201d dijo en su \u00faltimo informe. Asimismo, concluy\u00f3 que la proyecci\u00f3n de febrero es de una inflaci\u00f3n de 3%.<\/p>\n<p>Para Analytica en la tercera semana del mes los precios subieron 2,8%, lo cual proyecta una suba de precios de 2,8% para el mes.<\/p>\n<p>Por su parte, la canasta de productos b\u00e1sicos de Consumidores Libres mostr\u00f3 un alza de 3,1% para la primera quincena del mes en curso.<\/p>\n<p>Estos relevamientos est\u00e1n lejos de lo que hab\u00edan proyectado los analistas en el Relevamiento de Expectativas de Mercado (REM), que elabora el Banco Central. Los especialistas esperaban una suba de precios de 2,1% para febrero.<\/p>\n<p>Cabe recordar que febrero tambi\u00e9n tendr\u00e1 un fuerte impacto a nivel de servicios p\u00fablicos por actualizaciones en las tarifas de luz y gas.__IP__<\/p>\n<p>Este escenario pone en alerta al gobierno dado que toda su pol\u00edtica econ\u00f3mica tiene como principal objetivo bajar la inflaci\u00f3n y, pese a cumplir con sus fundamentos de super\u00e1vit fiscal y no emisi\u00f3n, los precios siguen por encima del nivel pretendido.<\/p>\n<p>#AgenciaNA<\/p><\/div>\n<div>\n<div id=\"117986-4\"><\/div>\n<div id=\"117986-6\"><\/div>\n<div id=\"117986-3\"><\/div>\n<\/div>\n<\/div>\n<div class=\"modalRedes\"><\/div>\n<\/div>\n<\/div>\n","protected":false},"excerpt":{"rendered":"<p>NA &#8211; El presidente Milei hab\u00eda prometido que la inflaci\u00f3n estar\u00eda debajo del 1% a inicios del segundo semestre, estimaci\u00f3n que est\u00e1 en jaque. \u00a0Buenos Aires, 25 febrero (NA) \u2013 La inflaci\u00f3n de febrero apunta a ubicarse entre el 2,5% y 3%, impulsada por subas en alimentos y servicios p\u00fablicos, seg\u00fan revelan estudios privados. El [&hellip;]<\/p>\n","protected":false},"author":2,"featured_media":7310,"comment_status":"open","ping_status":"open","sticky":false,"template":"","format":"standard","meta":{"footnotes":""},"categories":[65],"tags":[],"class_list":{"0":"post-7309","1":"post","2":"type-post","3":"status-publish","4":"format-standard","5":"has-post-thumbnail","7":"category-economia"},"_links":{"self":[{"href":"https:\/\/elpueblonoticia.com.ar\/web\/wp-json\/wp\/v2\/posts\/7309","targetHints":{"allow":["GET"]}}],"collection":[{"href":"https:\/\/elpueblonoticia.com.ar\/web\/wp-json\/wp\/v2\/posts"}],"about":[{"href":"https:\/\/elpueblonoticia.com.ar\/web\/wp-json\/wp\/v2\/types\/post"}],"author":[{"embeddable":true,"href":"https:\/\/elpueblonoticia.com.ar\/web\/wp-json\/wp\/v2\/users\/2"}],"replies":[{"embeddable":true,"href":"https:\/\/elpueblonoticia.com.ar\/web\/wp-json\/wp\/v2\/comments?post=7309"}],"version-history":[{"count":1,"href":"https:\/\/elpueblonoticia.com.ar\/web\/wp-json\/wp\/v2\/posts\/7309\/revisions"}],"predecessor-version":[{"id":7311,"href":"https:\/\/elpueblonoticia.com.ar\/web\/wp-json\/wp\/v2\/posts\/7309\/revisions\/7311"}],"wp:featuredmedia":[{"embeddable":true,"href":"https:\/\/elpueblonoticia.com.ar\/web\/wp-json\/wp\/v2\/media\/7310"}],"wp:attachment":[{"href":"https:\/\/elpueblonoticia.com.ar\/web\/wp-json\/wp\/v2\/media?parent=7309"}],"wp:term":[{"taxonomy":"category","embeddable":true,"href":"https:\/\/elpueblonoticia.com.ar\/web\/wp-json\/wp\/v2\/categories?post=7309"},{"taxonomy":"post_tag","embeddable":true,"href":"https:\/\/elpueblonoticia.com.ar\/web\/wp-json\/wp\/v2\/tags?post=7309"}],"curies":[{"name":"wp","href":"https:\/\/api.w.org\/{rel}","templated":true}]}}