{"id":7295,"date":"2026-02-25T12:10:42","date_gmt":"2026-02-25T15:10:42","guid":{"rendered":"https:\/\/elpueblonoticia.com.ar\/web\/?p=7295"},"modified":"2026-02-25T12:12:14","modified_gmt":"2026-02-25T15:12:14","slug":"aventura-nocturna-y-kid-un-clasico-del-verano-regresa-a-goya-con-mas-novedades","status":"publish","type":"post","link":"https:\/\/elpueblonoticia.com.ar\/web\/2026\/02\/25\/aventura-nocturna-y-kid-un-clasico-del-verano-regresa-a-goya-con-mas-novedades\/","title":{"rendered":"AVENTURA NOCTURNA Y KID: Un cl\u00e1sico del verano regresa a Goya con m\u00e1s novedades"},"content":{"rendered":"<p>Tras un receso obligado, la quinta edici\u00f3n de este evento deportivo promete una experiencia inolvidable para corredores de todas las edades, con carreras nocturnas y actividades para los m\u00e1s peque\u00f1os. La carrera se realizar\u00e1 el 28 de febrero con distancias de 5 y 10 kil\u00f3metros, adem\u00e1s de pruebas gratuitas para ni\u00f1os. El evento tendr\u00e1 como escenario la Costanera Norte.<\/p>\n<div>\u00a0 \u00a0 \u00a0La ciudad de Goya se alista para vivir la quinta edici\u00f3n de la &#8220;Aventura Nocturna&#8221;, un evento deportivo que ya es un cl\u00e1sico del verano, organizado por el grupo &#8220;Modo Runner Team&#8221; con el firme respaldo del Municipio a trav\u00e9s de la Direcci\u00f3n de Deportes.<\/div>\n<div><\/div>\n<div>La \u201cAventura Nocturna&#8221; regresa con el objetivo de promover la pr\u00e1ctica deportiva responsable y el cuidado de la salud. Los participantes podr\u00e1n elegir entre dos distancias: 5km y 10km, dise\u00f1adas para adaptarse tanto a corredores principiantes como a aquellos m\u00e1s experimentados.<\/div>\n<div><\/div>\n<div>El principal atractivo de esta carrera es la oportunidad de disfrutar del clima veraniego y vivir una experiencia inolvidable corriendo de noche, aprovechando los servicios que ofrece la playa El Inga.<\/div>\n<div><\/div>\n<div><\/div>\n<div><b>\u00a0<\/b><\/div>\n<div><b>AVENTURA KID\u00a0<\/b><\/div>\n<div><\/div>\n<div>En la misma jornada, los m\u00e1s peque\u00f1os tendr\u00e1n su propio espacio con la &#8220;Aventura Kid&#8221;, una carrera gratuita pensada para fomentar el deporte desde temprana edad. Ni\u00f1os y ni\u00f1as de entre 4 y 13 a\u00f1os podr\u00e1n participar en tres distancias adaptadas a sus edades: 400 metros (4 a 7 a\u00f1os), 1 km (8 a 10 a\u00f1os) y 2 km (11 a 13 a\u00f1os). Todos los participantes recibir\u00e1n un dorsal y una medalla finisher, sin costo alguno. Adem\u00e1s, se ofrecer\u00e1 un kit opcional con elementos adicionales del evento, disponible para quienes lo adquieran previamente.<\/div>\n<div><\/div>\n<div><b>\u00a0<\/b><\/div>\n<div><b>\u00a0<\/b><\/div>\n<div><b>&#8220;UNA PROPUESTA QUE VIENE CRECIENDO&#8221;<\/b><\/div>\n<div><\/div>\n<div>En declaraciones radiales, el Director de Deportes, Alejandro Lago coment\u00f3 acerca de esta nueva edici\u00f3n que &#8220;es una propuesta que viene creciendo todos los veranos. En esta ocasi\u00f3n, se hizo un poco m\u00e1s alejada del inicio de a\u00f1o; se sol\u00eda hacer en enero, y en esta ocasi\u00f3n la propuesta deportiva es en febrero. La verdad es una linda expectativa con la categor\u00eda Kid y la de grandes. En esta ocasi\u00f3n, los chicos tendr\u00e1n su remerita deportiva, que en ediciones anteriores no ten\u00edan. Ahora podr\u00e1n acceder a una remera diferenciada a lo que son los m\u00e1s grandes&#8221;.<\/div>\n<div><\/div>\n<div>Lago tambi\u00e9n destac\u00f3 el apoyo del Municipio y la creciente participaci\u00f3n de la comunidad y se\u00f1al\u00f3 que \u201cviene linda la inscripci\u00f3n, la gente se viene inscribiendo de manera normal, y nosotros tratando de apoyar esta iniciativa que lo viene organizando el equipo Modo Runner Team. La Municipalidad acompa\u00f1ando, el Intendente Mariano Hormaechea a disposici\u00f3n poniendo el predio costero para la competencia. Ya estamos expectantes para esta aventura nocturna&#8221;.<\/div>\n<div><\/div>\n<div><b>\u00a0<\/b><\/div>\n<div><b>LINDO NUMERO DE CORREDORES<\/b><\/div>\n<div><\/div>\n<div>Adem\u00e1s, Alejandro Lago resalt\u00f3 el entusiasmo de los corredores y la importancia de la inscripci\u00f3n y dijo al respecto que &#8220;es un lindo n\u00famero de corredores. La semana pasada est\u00e1bamos reunidos confirmando individuales mayores, hab\u00eda una inscripci\u00f3n de casi 80 o 90 personas confirmadas, y en la parte infantil hay una cantidad, son 40 o 50 chicos que vienen inscribi\u00e9ndose. Eso cambia en la \u00faltima semana de inscripci\u00f3n y va a cerrar con un lindo cupo de inscriptos. Hay una linda plaza de corredores. Cambia a veces un poco porque muchos no se animan a una aventura nocturna. La mayor\u00eda de las personas que quieren disfrutar de este desaf\u00edo se inscriben, y a veces a \u00faltimo momento se deciden&#8221;.<\/div>\n<div><\/div>\n<div><b>\u00a0<\/b><\/div>\n<div><b>INSCRIPCIONES ABIERTAS<\/b><\/div>\n<div><\/div>\n<div>Las inscripciones siguen abiertas a trav\u00e9s de la p\u00e1gina de Deportes Goya y la p\u00e1gina de Aventura Nocturna, invitando a todos a disfrutar de un evento de alto nivel. &#8220;No obstante, sigue abierta la inscripci\u00f3n y la gente puede seguir inscribi\u00e9ndose a partir de la p\u00e1gina de deportes Goya, de la p\u00e1gina de Aventura Nocturna, y puede tener un evento de alto nivel y disfrutar&#8221;, dijo Alejandro Lago.<\/div>\n<div><\/div>\n<div><\/div>\n<div><\/div>\n<div>Direcci\u00f3n de Prensa-Municipalidad de Goya<\/div>\n","protected":false},"excerpt":{"rendered":"<p>Tras un receso obligado, la quinta edici\u00f3n de este evento deportivo promete una experiencia inolvidable para corredores de todas las edades, con carreras nocturnas y actividades para los m\u00e1s peque\u00f1os. La carrera se realizar\u00e1 el 28 de febrero con distancias de 5 y 10 kil\u00f3metros, adem\u00e1s de pruebas gratuitas para ni\u00f1os. El evento tendr\u00e1 como [&hellip;]<\/p>\n","protected":false},"author":2,"featured_media":7296,"comment_status":"open","ping_status":"open","sticky":false,"template":"","format":"standard","meta":{"footnotes":""},"categories":[76],"tags":[],"class_list":{"0":"post-7295","1":"post","2":"type-post","3":"status-publish","4":"format-standard","5":"has-post-thumbnail","7":"category-deportes"},"_links":{"self":[{"href":"https:\/\/elpueblonoticia.com.ar\/web\/wp-json\/wp\/v2\/posts\/7295","targetHints":{"allow":["GET"]}}],"collection":[{"href":"https:\/\/elpueblonoticia.com.ar\/web\/wp-json\/wp\/v2\/posts"}],"about":[{"href":"https:\/\/elpueblonoticia.com.ar\/web\/wp-json\/wp\/v2\/types\/post"}],"author":[{"embeddable":true,"href":"https:\/\/elpueblonoticia.com.ar\/web\/wp-json\/wp\/v2\/users\/2"}],"replies":[{"embeddable":true,"href":"https:\/\/elpueblonoticia.com.ar\/web\/wp-json\/wp\/v2\/comments?post=7295"}],"version-history":[{"count":2,"href":"https:\/\/elpueblonoticia.com.ar\/web\/wp-json\/wp\/v2\/posts\/7295\/revisions"}],"predecessor-version":[{"id":7300,"href":"https:\/\/elpueblonoticia.com.ar\/web\/wp-json\/wp\/v2\/posts\/7295\/revisions\/7300"}],"wp:featuredmedia":[{"embeddable":true,"href":"https:\/\/elpueblonoticia.com.ar\/web\/wp-json\/wp\/v2\/media\/7296"}],"wp:attachment":[{"href":"https:\/\/elpueblonoticia.com.ar\/web\/wp-json\/wp\/v2\/media?parent=7295"}],"wp:term":[{"taxonomy":"category","embeddable":true,"href":"https:\/\/elpueblonoticia.com.ar\/web\/wp-json\/wp\/v2\/categories?post=7295"},{"taxonomy":"post_tag","embeddable":true,"href":"https:\/\/elpueblonoticia.com.ar\/web\/wp-json\/wp\/v2\/tags?post=7295"}],"curies":[{"name":"wp","href":"https:\/\/api.w.org\/{rel}","templated":true}]}}