{"id":7287,"date":"2026-02-25T10:37:47","date_gmt":"2026-02-25T13:37:47","guid":{"rendered":"https:\/\/elpueblonoticia.com.ar\/web\/?p=7287"},"modified":"2026-02-25T10:37:47","modified_gmt":"2026-02-25T13:37:47","slug":"boca-vencio-a-gimnasia-de-chivilcoy-y-avanzo-en-copa-argentina-con-doblete-de-bareiro","status":"publish","type":"post","link":"https:\/\/elpueblonoticia.com.ar\/web\/2026\/02\/25\/boca-vencio-a-gimnasia-de-chivilcoy-y-avanzo-en-copa-argentina-con-doblete-de-bareiro\/","title":{"rendered":"Boca venci\u00f3 a Gimnasia de Chivilcoy y avanz\u00f3 en Copa Argentina con doblete de Bareiro"},"content":{"rendered":"<div>\n<p><strong>El Xeneize derrot\u00f3 2-0 a Gimnasia de Chivilcoy en Salta por los 32avos de la Copa Argentina, con dos goles de Adam Bareiro en su debut goleador.<\/strong><\/p>\n<p>&nbsp;<\/p>\n<section class=\"detail-body first-paragraph\">\n<section class=\"body-content note-body content-protected-false\" data-twitter-link=\"&lt;a href=\">\n<p data-start=\"507\" data-end=\"773\">Con una formaci\u00f3n alternativa,\u00a0<strong>Boca\u00a0<\/strong>cumpli\u00f3 con el objetivo y dej\u00f3 en el camino a\u00a0<strong>Gimnasia de Chivilcoy<\/strong>\u00a0en los 32avos de final de la\u00a0<strong>Copa Argentina<\/strong>. En el estadio Padre Martearena de Salta, el Xeneize se impuso por 2-0 con una actuaci\u00f3n determinante de\u00a0<strong>Adam Bareiro<\/strong>.<\/p>\n<\/section>\n<\/section>\n<section class=\"detail-body second-paragraph\">\n<section class=\"body-content note-body content-protected-false\">\n<p data-start=\"775\" data-end=\"989\">El conjunto dirigido por\u00a0<strong>Claudio \u00dabeda<\/strong>\u00a0tuvo algunas dificultades en la primera parte ante un rival ordenado, que le hizo el tr\u00e1mite cuesta arriba. Sin embargo, sobre el cierre del primer tiempo lleg\u00f3 la diferencia.<\/p>\n<section class=\"detail-body\">\n<section class=\"body-content note-body content-protected-false\">\n<p data-start=\"1044\" data-end=\"1322\">A los instantes finales de la etapa inicial,\u00a0<strong>Bareiro\u00a0<\/strong>apareci\u00f3 con un buen cabezazo para marcar el 1-0 y darle tranquilidad al equipo antes del descanso. Ya en el complemento, nuevamente por la v\u00eda a\u00e9rea y con un frentazo m\u00e1s esquinado, el paraguayo estableci\u00f3 el 2-0 definitivo. Tras su doblete, fue reemplazado por el juvenil Iker Zufiaurre. El \u00e1rbitro del encuentro fue Facundo Tello.<\/p>\n<\/section>\n<\/section>\n<section class=\"detail-body\">\n<section class=\"body-content note-body content-protected-false\">\n<p data-start=\"1433\" data-end=\"1628\">Con la clasificaci\u00f3n asegurada a los 16avos de final,\u00a0<strong>Boca\u00a0<\/strong>ahora espera por el ganador de la llave entre\u00a0<strong>Sarmiento de Jun\u00edn y Trist\u00e1n Su\u00e1rez<\/strong>, cruce que todav\u00eda no tiene fecha ni sede confirmadas. En cuanto al calendario, el pr\u00f3ximo compromiso del Xeneize ser\u00e1 ante Gimnasia de Mendoza el s\u00e1bado 28 de febrero a las 17:45. Por su parte,<strong>\u00a0Gimnasia de Chivilcoy<\/strong>\u00a0debutar\u00e1 en el Federal A el 21 de marzo, aunque a\u00fan no se confirm\u00f3 el fixture.<\/p>\n<\/section>\n<\/section>\n<\/section>\n<\/section>\n<\/div>\n<div class=\"s2s_supra_contenedor lang_directon_right s2sdefault  align_left  s2s_balloon_bottom \">\n<div class=\"s2s_contenedor  s2s_no_text  s2s-btn-group\">\n<div class=\"s2s_twitter s2s_btn s2s-btn-xs \">\n<div class=\"globo s2s_globo_closed s2s_twitter_iframe\"><\/div>\n<\/div>\n<div class=\"s2s_facebook s2s_btn s2s-btn-xs \">\n<div class=\"globo s2s_globo_closed s2s_facebook_iframe\"><\/div>\n<\/div>\n<div class=\"s2s_wapp s2s_btn s2s-btn-xs  \">\n<div class=\"globo s2s_globo_closed s2s_wapp_iframe\"><\/div>\n<\/div>\n<\/div>\n<\/div>\n","protected":false},"excerpt":{"rendered":"<p>El Xeneize derrot\u00f3 2-0 a Gimnasia de Chivilcoy en Salta por los 32avos de la Copa Argentina, con dos goles de Adam Bareiro en su debut goleador. &nbsp; Con una formaci\u00f3n alternativa,\u00a0Boca\u00a0cumpli\u00f3 con el objetivo y dej\u00f3 en el camino a\u00a0Gimnasia de Chivilcoy\u00a0en los 32avos de final de la\u00a0Copa Argentina. En el estadio Padre Martearena [&hellip;]<\/p>\n","protected":false},"author":2,"featured_media":7288,"comment_status":"open","ping_status":"open","sticky":false,"template":"","format":"standard","meta":{"footnotes":""},"categories":[76],"tags":[],"class_list":{"0":"post-7287","1":"post","2":"type-post","3":"status-publish","4":"format-standard","5":"has-post-thumbnail","7":"category-deportes"},"_links":{"self":[{"href":"https:\/\/elpueblonoticia.com.ar\/web\/wp-json\/wp\/v2\/posts\/7287","targetHints":{"allow":["GET"]}}],"collection":[{"href":"https:\/\/elpueblonoticia.com.ar\/web\/wp-json\/wp\/v2\/posts"}],"about":[{"href":"https:\/\/elpueblonoticia.com.ar\/web\/wp-json\/wp\/v2\/types\/post"}],"author":[{"embeddable":true,"href":"https:\/\/elpueblonoticia.com.ar\/web\/wp-json\/wp\/v2\/users\/2"}],"replies":[{"embeddable":true,"href":"https:\/\/elpueblonoticia.com.ar\/web\/wp-json\/wp\/v2\/comments?post=7287"}],"version-history":[{"count":1,"href":"https:\/\/elpueblonoticia.com.ar\/web\/wp-json\/wp\/v2\/posts\/7287\/revisions"}],"predecessor-version":[{"id":7289,"href":"https:\/\/elpueblonoticia.com.ar\/web\/wp-json\/wp\/v2\/posts\/7287\/revisions\/7289"}],"wp:featuredmedia":[{"embeddable":true,"href":"https:\/\/elpueblonoticia.com.ar\/web\/wp-json\/wp\/v2\/media\/7288"}],"wp:attachment":[{"href":"https:\/\/elpueblonoticia.com.ar\/web\/wp-json\/wp\/v2\/media?parent=7287"}],"wp:term":[{"taxonomy":"category","embeddable":true,"href":"https:\/\/elpueblonoticia.com.ar\/web\/wp-json\/wp\/v2\/categories?post=7287"},{"taxonomy":"post_tag","embeddable":true,"href":"https:\/\/elpueblonoticia.com.ar\/web\/wp-json\/wp\/v2\/tags?post=7287"}],"curies":[{"name":"wp","href":"https:\/\/api.w.org\/{rel}","templated":true}]}}