{"id":7282,"date":"2026-02-25T10:21:00","date_gmt":"2026-02-25T13:21:00","guid":{"rendered":"https:\/\/elpueblonoticia.com.ar\/web\/?p=7282"},"modified":"2026-02-25T10:21:00","modified_gmt":"2026-02-25T13:21:00","slug":"suteco-adhiere-al-paro-docente-convocado-por-ctera-para-el-2-de-marzo","status":"publish","type":"post","link":"https:\/\/elpueblonoticia.com.ar\/web\/2026\/02\/25\/suteco-adhiere-al-paro-docente-convocado-por-ctera-para-el-2-de-marzo\/","title":{"rendered":"SUTECO adhiere al Paro Docente convocado por CTERA para el 2 de marzo"},"content":{"rendered":"<div id=\"modalIntrotext\">\n<div><img decoding=\"async\" src=\"https:\/\/ci3.googleusercontent.com\/meips\/ADKq_NYFJZURUTt0u8UXxM82hugBM4YcScqn0W45kfMDqlGfFgg5WH8n-0n21ol3zgpUNwBXP6pp6UlVkXIVv2wNQ9_-0l_0PenNMdtOs0cSfev4Aue_cbqUXeZnKc1hKEV1uzi3OlnlF49LsJ5gpJa69fkutzzhYZREAIlO=s0-d-e1-ft#https:\/\/mcusercontent.com\/db19276a3912179d0dd0408bb\/images\/ea417de6-7e7f-5fb5-e23d-9815e904c2e8.jpeg\" \/><\/div>\n<div><img decoding=\"async\" src=\"https:\/\/ci3.googleusercontent.com\/meips\/ADKq_Naw-xvY7y4bFkMiJYUpbcQc_2VobUqkw-ZyVZG8dTaEBJVT4eRpZli0Il2FKas11ii3JU2c-dZAWKkeJPVZqCe8wLmH0zlXxeKBnznBnK6aR_rS_CuoFTQY-L2Omo_2xWoiYePwFwWv7cQiv5OCQbxSxkRlH-KCDQ-7kTlPA60=s0-d-e1-ft#https:\/\/mcusercontent.com\/db19276a3912179d0dd0408bb\/_compresseds\/e613d253-10b2-493f-6ffd-a99603187feb.jpg\" \/><\/div>\n<div><img decoding=\"async\" src=\"https:\/\/ci3.googleusercontent.com\/meips\/ADKq_NbD3ctOn1oyKHD9lM2SZDWniz_6uuB2d6GMIHgxVNwLdHccEI-aRbNpPzHjc_wp85ORtjKYz7ryYmJQ7t-iNgn2n0GTzovcWCF9wHPwjvZ8OKy8kA2KN0xJayW8tul604gWiLB1cXDH9NAw2zhMUy3exNfdBl5z6GUy=s0-d-e1-ft#https:\/\/mcusercontent.com\/db19276a3912179d0dd0408bb\/images\/0b2a652a-59e8-771c-d18f-c2d3193d6847.jpeg\" \/><\/div>\n<div>Demandan suba al Salario B\u00e1sico en un solo pago, Salario Inicial arriba de la l\u00ednea de pobreza, restituci\u00f3n del FONID, m\u00e1s presupuesto para Educaci\u00f3n, escuelas en \u00f3ptimas condiciones edilicias y sanitarias, aumento para jubilados docentes.<\/div>\n<\/div>\n<div id=\"modalFulltext\"><\/div>\n<div><\/div>\n<div><\/div>\n<div>\n<div class=\"contenido\">\n<div id=\"modalFulltext\">\n<div>El Sindicato \u00danico de Trabajadores de la Educaci\u00f3n de Corrientes (SUTECO) comunic\u00f3 su adhesi\u00f3n al Paro Nacional Docente del 2 de marzo, convocado por la CTERA y acompa\u00f1ado por la CTA Nacional; como parte del plan de lucha contra el ajuste en Educaci\u00f3n P\u00fablica; por mejores salarios y condiciones de trabajo; en rechazo a la reforma laboral y al proyecto de Libertad Educativa; entre otros reclamos como:<\/div>\n<div><\/div>\n<div>Convocatoria a Paritaria Nacional Docente.<\/div>\n<div><\/div>\n<div>Restituci\u00f3n del FONID y fondos nacionales para Educaci\u00f3n.<\/div>\n<div><\/div>\n<div>Nueva Ley de Financiamiento Educativo.<\/div>\n<div><\/div>\n<div>Rechazo a la Ley de Libertad EducativaInversi\u00f3n en Infraestructura Escolar, conectividad, recursos pedag\u00f3gicos.<\/div>\n<div><\/div>\n<div>Defensa de los reg\u00edmenes jubilatorios docentes.<\/div>\n<div><\/div>\n<div>No a la reforma laboral regresiva<\/div>\n<div><\/div>\n<div>En Corrientes, el SUTECO activ\u00f3 consulta docente sobre medidas de acci\u00f3n directa y plante\u00f3 en las reuniones con los Ministerios de Hacienda y de Educaci\u00f3n de la provincia (realizados el 23\/01, 18\/2 y el 24\/2); las siguientes demandas de mejoras salariales, laborales y de infraestructura imprescindibles para el inicio de clases:<\/div>\n<div><\/div>\n<div>Suba al Salario B\u00e1sico en un solo pago, por encima de la inflaci\u00f3n acumulada en los \u00faltimos seis meses.<\/div>\n<div><\/div>\n<div>Que la mejora se traslade de inmediato al sector pasivo docente.Incorporaci\u00f3n del Bono Navide\u00f1o al salario.Igual plus en hasta dos cargos.Salario Inicial docente por encima de la l\u00ednea de pobreza ($1.360.000 seg\u00fan INDEC)Que el Fondo Compensador Provincial sea remunerativo y bonificable.<\/div>\n<div><\/div>\n<div>\u00cdtem Movilidad y Zona.Eliminaci\u00f3n del pago en cuotas y por terminaci\u00f3n de DNI.Blanqueo total de las sumas no remunerativas.<\/div>\n<div><\/div>\n<div>Plena vigencia del 82% m\u00f3vil.No entrega del IPS a la Naci\u00f3n.<\/div>\n<div><\/div>\n<div>Mejora del Escalaf\u00f3n.El medio aguinaldo sea 50% del salario de bolsillo.<\/div>\n<div><\/div>\n<div>Funcionamiento y cobertura del IOSCOR en toda la provincia.<\/div>\n<div><\/div>\n<div>Plan provincial de viviendas para docentes.Titularizaci\u00f3n y estabilidad laboral en todos los niveles.Garant\u00eda de licencias<\/div>\n<div><\/div>\n<div>Descentralizaci\u00f3n de Contralor M\u00e9dico: que se haga en cada en cada localidad.<\/div>\n<\/div>\n<div>\n<div id=\"117986-4\"><\/div>\n<div id=\"117986-6\"><\/div>\n<div id=\"117986-3\"><\/div>\n<\/div>\n<\/div>\n<div class=\"modalRedes\"><\/div>\n<\/div>\n","protected":false},"excerpt":{"rendered":"<p>Demandan suba al Salario B\u00e1sico en un solo pago, Salario Inicial arriba de la l\u00ednea de pobreza, restituci\u00f3n del FONID, m\u00e1s presupuesto para Educaci\u00f3n, escuelas en \u00f3ptimas condiciones edilicias y sanitarias, aumento para jubilados docentes. El Sindicato \u00danico de Trabajadores de la Educaci\u00f3n de Corrientes (SUTECO) comunic\u00f3 su adhesi\u00f3n al Paro Nacional Docente del 2 [&hellip;]<\/p>\n","protected":false},"author":2,"featured_media":7283,"comment_status":"open","ping_status":"open","sticky":false,"template":"","format":"standard","meta":{"footnotes":""},"categories":[80],"tags":[],"class_list":{"0":"post-7282","1":"post","2":"type-post","3":"status-publish","4":"format-standard","5":"has-post-thumbnail","7":"category-educacion"},"_links":{"self":[{"href":"https:\/\/elpueblonoticia.com.ar\/web\/wp-json\/wp\/v2\/posts\/7282","targetHints":{"allow":["GET"]}}],"collection":[{"href":"https:\/\/elpueblonoticia.com.ar\/web\/wp-json\/wp\/v2\/posts"}],"about":[{"href":"https:\/\/elpueblonoticia.com.ar\/web\/wp-json\/wp\/v2\/types\/post"}],"author":[{"embeddable":true,"href":"https:\/\/elpueblonoticia.com.ar\/web\/wp-json\/wp\/v2\/users\/2"}],"replies":[{"embeddable":true,"href":"https:\/\/elpueblonoticia.com.ar\/web\/wp-json\/wp\/v2\/comments?post=7282"}],"version-history":[{"count":1,"href":"https:\/\/elpueblonoticia.com.ar\/web\/wp-json\/wp\/v2\/posts\/7282\/revisions"}],"predecessor-version":[{"id":7284,"href":"https:\/\/elpueblonoticia.com.ar\/web\/wp-json\/wp\/v2\/posts\/7282\/revisions\/7284"}],"wp:featuredmedia":[{"embeddable":true,"href":"https:\/\/elpueblonoticia.com.ar\/web\/wp-json\/wp\/v2\/media\/7283"}],"wp:attachment":[{"href":"https:\/\/elpueblonoticia.com.ar\/web\/wp-json\/wp\/v2\/media?parent=7282"}],"wp:term":[{"taxonomy":"category","embeddable":true,"href":"https:\/\/elpueblonoticia.com.ar\/web\/wp-json\/wp\/v2\/categories?post=7282"},{"taxonomy":"post_tag","embeddable":true,"href":"https:\/\/elpueblonoticia.com.ar\/web\/wp-json\/wp\/v2\/tags?post=7282"}],"curies":[{"name":"wp","href":"https:\/\/api.w.org\/{rel}","templated":true}]}}