{"id":7273,"date":"2026-02-24T12:10:00","date_gmt":"2026-02-24T15:10:00","guid":{"rendered":"https:\/\/elpueblonoticia.com.ar\/web\/?p=7273"},"modified":"2026-02-24T12:10:00","modified_gmt":"2026-02-24T15:10:00","slug":"desde-este-jueves-cruzar-el-puente-general-belgrano-costara-1-500","status":"publish","type":"post","link":"https:\/\/elpueblonoticia.com.ar\/web\/2026\/02\/24\/desde-este-jueves-cruzar-el-puente-general-belgrano-costara-1-500\/","title":{"rendered":"Desde este jueves, cruzar el puente General Belgrano costar\u00e1 $1.500"},"content":{"rendered":"<p>Vialidad Nacional oficializ\u00f3 los nuevos cuadros tarifarios para los corredores concesionados. La suba regir\u00e1 desde este jueves a la medianoche y elimina el descuento diferencial para usuarios de TelePASE.<\/p>\n<div>\n<p>A partir de este jueves 26 de febrero a la medianoche,\u00a0cruzar el puente interprovincial General Manuel Belgrano o pasar por el peaje de Makall\u00e9 costar\u00e1 $1.500 para veh\u00edculos particulares de hasta dos ejes\u00a0y 2,30 metros de altura. La actualizaci\u00f3n fue oficializada por Vialidad Nacional mediante la Resoluci\u00f3n 248\/2026, publicada en el Bolet\u00edn Oficial, y alcanza a los tramos I al X operados por Corredores Viales S.A.<\/p>\n<p>El incremento impacta de lleno en dos puntos estrat\u00e9gicos para el Chaco:\u00a0el puente que conecta con Corrientes y la estaci\u00f3n ubicada sobre la Ruta Nacional 16.\u00a0Ambos ya hab\u00edan registrado un aumento en 2025, cuando el valor pas\u00f3 de $1.000 a $1.300, por lo que la nueva tarifa representa otro ajuste en pocos meses para miles de usuarios que transitan a diario por razones laborales, comerciales y sanitarias.<\/p>\n<p>VALORES POR CATEGOR\u00cdAS<\/p>\n<p>En cuanto a las dem\u00e1s categor\u00edas,\u00a0los valores establecidos son:\u00a0$3.000 para veh\u00edculos de hasta dos ejes con m\u00e1s de 2,30 metros o rueda doble; $4.500 para tres o cuatro ejes hasta 2,30 metros; $6.000 para tres o cuatro ejes de mayor porte; $7.500 para cinco o seis ejes y $9.000 para m\u00e1s de seis ejes.<\/p>\n<\/div>\n","protected":false},"excerpt":{"rendered":"<p>Vialidad Nacional oficializ\u00f3 los nuevos cuadros tarifarios para los corredores concesionados. La suba regir\u00e1 desde este jueves a la medianoche y elimina el descuento diferencial para usuarios de TelePASE. A partir de este jueves 26 de febrero a la medianoche,\u00a0cruzar el puente interprovincial General Manuel Belgrano o pasar por el peaje de Makall\u00e9 costar\u00e1 $1.500 [&hellip;]<\/p>\n","protected":false},"author":2,"featured_media":7274,"comment_status":"open","ping_status":"open","sticky":false,"template":"","format":"standard","meta":{"footnotes":""},"categories":[78],"tags":[],"class_list":{"0":"post-7273","1":"post","2":"type-post","3":"status-publish","4":"format-standard","5":"has-post-thumbnail","7":"category-generales"},"_links":{"self":[{"href":"https:\/\/elpueblonoticia.com.ar\/web\/wp-json\/wp\/v2\/posts\/7273","targetHints":{"allow":["GET"]}}],"collection":[{"href":"https:\/\/elpueblonoticia.com.ar\/web\/wp-json\/wp\/v2\/posts"}],"about":[{"href":"https:\/\/elpueblonoticia.com.ar\/web\/wp-json\/wp\/v2\/types\/post"}],"author":[{"embeddable":true,"href":"https:\/\/elpueblonoticia.com.ar\/web\/wp-json\/wp\/v2\/users\/2"}],"replies":[{"embeddable":true,"href":"https:\/\/elpueblonoticia.com.ar\/web\/wp-json\/wp\/v2\/comments?post=7273"}],"version-history":[{"count":1,"href":"https:\/\/elpueblonoticia.com.ar\/web\/wp-json\/wp\/v2\/posts\/7273\/revisions"}],"predecessor-version":[{"id":7275,"href":"https:\/\/elpueblonoticia.com.ar\/web\/wp-json\/wp\/v2\/posts\/7273\/revisions\/7275"}],"wp:featuredmedia":[{"embeddable":true,"href":"https:\/\/elpueblonoticia.com.ar\/web\/wp-json\/wp\/v2\/media\/7274"}],"wp:attachment":[{"href":"https:\/\/elpueblonoticia.com.ar\/web\/wp-json\/wp\/v2\/media?parent=7273"}],"wp:term":[{"taxonomy":"category","embeddable":true,"href":"https:\/\/elpueblonoticia.com.ar\/web\/wp-json\/wp\/v2\/categories?post=7273"},{"taxonomy":"post_tag","embeddable":true,"href":"https:\/\/elpueblonoticia.com.ar\/web\/wp-json\/wp\/v2\/tags?post=7273"}],"curies":[{"name":"wp","href":"https:\/\/api.w.org\/{rel}","templated":true}]}}