{"id":7257,"date":"2026-02-24T11:30:43","date_gmt":"2026-02-24T14:30:43","guid":{"rendered":"https:\/\/elpueblonoticia.com.ar\/web\/?p=7257"},"modified":"2026-02-24T11:30:43","modified_gmt":"2026-02-24T14:30:43","slug":"la-provincia-refuerza-la-asistencia-a-los-extrabajadores-de-la-textil-alal","status":"publish","type":"post","link":"https:\/\/elpueblonoticia.com.ar\/web\/2026\/02\/24\/la-provincia-refuerza-la-asistencia-a-los-extrabajadores-de-la-textil-alal\/","title":{"rendered":"La Provincia refuerza la asistencia a los extrabajadores de la textil Alal"},"content":{"rendered":"<p>En un contexto de incertidumbre para el sector productivo de la segunda ciudad de la provincia, el Gobierno de Corrientes ratific\u00f3 su compromiso de acompa\u00f1amiento con los operarios que perdieron su sustento tras el cese de actividades de la hilander\u00eda Alal. A trav\u00e9s de una acci\u00f3n coordinada entre el Ministerio de Desarrollo Social y la Municipalidad de Goya, se concret\u00f3 una nueva entrega de asistencia alimentaria destinada a los 260 trabajadores despedidos.<br \/>\nCon esta medida, impulsada por el gobernador Juan Pablo Vald\u00e9s, se busca mitigar el impacto socioecon\u00f3mico inmediato, al tiempo que los extrabajadores de la firma aguardan definiciones de fondo en el \u00e1mbito judicial y administrativo.<\/p>\n<div class=\"pdfemb-viewer\">\n<div class=\"pdfemb-pagescontainer grab-to-pan-grab\">\n<div class=\"pdfemb-inner-div pdfemb-page1\">\n<p>La entrega de estos recursos representa la segunda etapa de un plan de contingencia que el Estado provincial activ\u00f3 apenas se oficializ\u00f3 el conflicto. El pasado martes 10 se hab\u00eda realizado un primer aporte de similares caracter\u00edsticas, encabezado por el ministro de Desarrollo Social, Jos\u00e9 Irigoyen, junto al intendente goyano, Mariano Hormaechea.<br \/>\nEste despliegue territorial no s\u00f3lo contempla la ayuda alimentaria, sino que forma parte de un monitoreo constante de la situaci\u00f3n de vulnerabilidad en la que quedaron las familias en cuesti\u00f3n tras el cierre definitivo de la planta textil, una de las firmas hist\u00f3ricas de la regi\u00f3n.<\/p>\n<p>ALCANCE DE<br \/>\nLAS MEDIDAS<\/p>\n<p>El titular de la cartera social, Jos\u00e9 Irigoyen, brind\u00f3 precisiones sobre el alcance de estas medidas y subray\u00f3 que la instrucci\u00f3n del Ejecutivo provincial es mantener una presencia activa en el territorio. El funcionario remarc\u00f3 que se trata de una situaci\u00f3n extremadamente compleja desde el punto de vista humano y laboral, por lo cual el Estado no puede permanecer ausente ante la p\u00e9rdida masiva de puestos de trabajo.<br \/>\nIrigoyen record\u00f3 que, adem\u00e1s de los m\u00f3dulos alimentarios, se han gestionado otros beneficios de car\u00e1cter urgente, como la exenci\u00f3n del pago de la tarifa el\u00e9ctrica para los afectados, una herramienta que busca aliviar los costos fijos de los hogares en conflicto hasta tanto se logre una resoluci\u00f3n definitiva.<\/p>\n<p>SEGUIMIENTO<\/p>\n<p>Desde el Ministerio de Industria, Trabajo y Comercio tambi\u00e9n se mantiene un seguimiento riguroso del caso. Las autoridades del \u00e1rea trabajan en la b\u00fasqueda de alternativas que permitan destrabar el reclamo de los trabajadores, quienes exigen el pago total de las indemnizaciones por los a\u00f1os de servicios prestados.<br \/>\nLa decisi\u00f3n pol\u00edtica de Juan Pablo ha sido clara en este sentido: brindar contenci\u00f3n social inmediata mientras los canales institucionales y legales agotan las instancias para que la empresa Emilio Alal cumpla con sus obligaciones de ley frente a una dotaci\u00f3n de personal que, de la noche a la ma\u00f1ana, se encontr\u00f3 con las puertas de la f\u00e1brica cerradas.<\/p>\n<p>MEDIDA JUDICIAL<\/p>\n<p>En sinton\u00eda con el reclamo de los exoperarios, la Justicia Laboral de Goya dict\u00f3 recientemente una resoluci\u00f3n de alto impacto que representa un avance significativo en la protecci\u00f3n de los derechos de los trabajadores: el juez Ariel Brest hizo lugar a una medida autosatisfactiva promovida por un grupo de empleados y orden\u00f3 a la firma Emilio Alal el dep\u00f3sito de 142.680.903,17 pesos, con el objetivo de garantizar el pago del 50 por ciento de las indemnizaciones correspondientes.<br \/>\nLa cifra surge de las planillas de liquidaci\u00f3n integradas al expediente judicial y, seg\u00fan establece la medida judicial, debe ser depositada en una cuenta del Banco de Corrientes en un plazo no mayor a diez d\u00edas.<br \/>\nEl magistrado fundament\u00f3 su decisi\u00f3n al considerar acreditada la mora del empleador en el cumplimiento de sus obligaciones. La empresa, al momento de anunciar el cierre, hab\u00eda manifestado su intenci\u00f3n de abonar \u00fanicamente la mitad de los montos previstos por ley, escud\u00e1ndose en la crisis del sector. Sin embargo, el juez Brest fue m\u00e1s all\u00e1 y, adem\u00e1s del dep\u00f3sito obligatorio, dispuso el embargo de bienes de la compa\u00f1\u00eda por el monto reclamado.<br \/>\nEsta medida de garant\u00eda establece que, ante un eventual incumplimiento del dep\u00f3sito en efectivo, los bienes embargados podr\u00e1n ser rematados para asegurar que los operarios perciban los cr\u00e9ditos laborales que les corresponden.<\/p>\n<p><strong>El cierre de una f\u00e1brica emblem\u00e1tica<\/strong><\/p>\n<p>El conflicto que hoy mantiene en vilo a la comunidad goyana se desencaden\u00f3 formalmente el pasado 28 de enero, cuando la firma Emilio Alal confirm\u00f3 el cese definitivo de sus operaciones en la planta de hilados y telas. En aquella oportunidad, la direcci\u00f3n de la empresa argument\u00f3 que la coyuntura econ\u00f3mica nacional y la ca\u00edda del consumo volvieron inviable la continuidad de sus actividades productivas. Esta decisi\u00f3n dej\u00f3 un vac\u00edo profundo en el tejido industrial de Goya, dado que Alal no s\u00f3lo era una fuente de empleo directo para 260 personas, sino que generaba un movimiento econ\u00f3mico indirecto vital para los comercios y servicios de la zona.<br \/>\nA pesar de que la resoluci\u00f3n judicial garantiza el cobro de una parte de las indemnizaciones, los trabajadores han manifestado que no abandonar\u00e1n el reclamo por el ciento por ciento de lo que marca la legislaci\u00f3n laboral vigente. El caso se ha inscripto en un escenario de alta conflictividad, donde el rol de la Justicia y el acompa\u00f1amiento del Gobierno provincial se vuelven fundamentales para equilibrar la balanza frente a una decisi\u00f3n empresarial que afect\u00f3 de manera masiva a la mano de obra local. La comunidad de Goya sigue con atenci\u00f3n cada movimiento, entendiendo que el destino de estas 260 familias marca un precedente sobre la responsabilidad social empresaria en tiempos de crisis.<\/p>\n<p><strong>Perspectivas<\/strong><\/p>\n<p>Hacia adelante, el Gobierno provincial mantendr\u00e1 los canales de di\u00e1logo abiertos con los delegados de los trabajadores y con las autoridades municipales. La asistencia alimentaria y los beneficios en los servicios p\u00fablicos se mantendr\u00e1n de forma peri\u00f3dica mientras dure la transici\u00f3n hacia una soluci\u00f3n definitiva. El objetivo primordial de la gesti\u00f3n de Juan Pablo es evitar que el cierre de la textil derive en una crisis social de mayores proporciones en el Departamento de Goya, priorizando siempre la paz social y el respeto por los derechos adquiridos de los ciudadanos.<br \/>\nEn los pr\u00f3ximos d\u00edas, se espera que la empresa responda formalmente a la orden de dep\u00f3sito dictada por el juez Brest. Mientras tanto, el Ministerio de Desarrollo Social ya planifica las pr\u00f3ximas etapas de contenci\u00f3n, reafirmando su prioridad en la seguridad alimentaria y la estabilidad de los hogares afectados.<br \/>\nEl monitoreo de la situaci\u00f3n es diario, y la articulaci\u00f3n entre la Provincia y el Municipio se presenta como la principal barrera de defensa para los trabajadores ante un panorama industrial de incertidumbre.<\/p>\n<\/div>\n<\/div>\n<\/div>\n","protected":false},"excerpt":{"rendered":"<p>En un contexto de incertidumbre para el sector productivo de la segunda ciudad de la provincia, el Gobierno de Corrientes ratific\u00f3 su compromiso de acompa\u00f1amiento con los operarios que perdieron su sustento tras el cese de actividades de la hilander\u00eda Alal. A trav\u00e9s de una acci\u00f3n coordinada entre el Ministerio de Desarrollo Social y la [&hellip;]<\/p>\n","protected":false},"author":2,"featured_media":7258,"comment_status":"open","ping_status":"open","sticky":false,"template":"","format":"standard","meta":{"footnotes":""},"categories":[66],"tags":[],"class_list":{"0":"post-7257","1":"post","2":"type-post","3":"status-publish","4":"format-standard","5":"has-post-thumbnail","7":"category-politica-nacionales"},"_links":{"self":[{"href":"https:\/\/elpueblonoticia.com.ar\/web\/wp-json\/wp\/v2\/posts\/7257","targetHints":{"allow":["GET"]}}],"collection":[{"href":"https:\/\/elpueblonoticia.com.ar\/web\/wp-json\/wp\/v2\/posts"}],"about":[{"href":"https:\/\/elpueblonoticia.com.ar\/web\/wp-json\/wp\/v2\/types\/post"}],"author":[{"embeddable":true,"href":"https:\/\/elpueblonoticia.com.ar\/web\/wp-json\/wp\/v2\/users\/2"}],"replies":[{"embeddable":true,"href":"https:\/\/elpueblonoticia.com.ar\/web\/wp-json\/wp\/v2\/comments?post=7257"}],"version-history":[{"count":1,"href":"https:\/\/elpueblonoticia.com.ar\/web\/wp-json\/wp\/v2\/posts\/7257\/revisions"}],"predecessor-version":[{"id":7259,"href":"https:\/\/elpueblonoticia.com.ar\/web\/wp-json\/wp\/v2\/posts\/7257\/revisions\/7259"}],"wp:featuredmedia":[{"embeddable":true,"href":"https:\/\/elpueblonoticia.com.ar\/web\/wp-json\/wp\/v2\/media\/7258"}],"wp:attachment":[{"href":"https:\/\/elpueblonoticia.com.ar\/web\/wp-json\/wp\/v2\/media?parent=7257"}],"wp:term":[{"taxonomy":"category","embeddable":true,"href":"https:\/\/elpueblonoticia.com.ar\/web\/wp-json\/wp\/v2\/categories?post=7257"},{"taxonomy":"post_tag","embeddable":true,"href":"https:\/\/elpueblonoticia.com.ar\/web\/wp-json\/wp\/v2\/tags?post=7257"}],"curies":[{"name":"wp","href":"https:\/\/api.w.org\/{rel}","templated":true}]}}