{"id":7253,"date":"2026-02-24T11:20:12","date_gmt":"2026-02-24T14:20:12","guid":{"rendered":"https:\/\/elpueblonoticia.com.ar\/web\/?p=7253"},"modified":"2026-02-24T11:20:12","modified_gmt":"2026-02-24T14:20:12","slug":"goya-secuestran-mas-de-una-tonelada-y-media-de-carne-en-presunto-mal-estado-una-carniceria","status":"publish","type":"post","link":"https:\/\/elpueblonoticia.com.ar\/web\/2026\/02\/24\/goya-secuestran-mas-de-una-tonelada-y-media-de-carne-en-presunto-mal-estado-una-carniceria\/","title":{"rendered":"Goya: secuestran m\u00e1s de una tonelada y media de carne en presunto mal estado una carnicer\u00eda"},"content":{"rendered":"<p>Un operativo de control sanitario realizado ayer, alrededor de las 19.20, deriv\u00f3 en el secuestro de 1.590,600 kilos de carne en presunto mal estado de conservaci\u00f3n e higiene en una carnicer\u00eda de la ciudad de Goya.<\/p>\n<p>El procedimiento fue llevado adelante por efectivos de la Unidad Especial de Seguridad Rural y Ecol\u00f3gica, quienes inspeccionaron un comercio ubicado sobre avenida Leandro N. Alem al 1100, identificado como \u201cEl Abasto SRL\u201d.<\/p>\n<p>El operativo estuvo encabezado por el oficial subayudante Beneventano, acompa\u00f1ado por el m\u00e9dico veterinario policial Vicentin y personal de Bromatolog\u00eda. Durante la inspecci\u00f3n detectaron cortes vacunos y aviares que, seg\u00fan se inform\u00f3, presentaban deficiencias sanitarias que representar\u00edan un riesgo para la salud p\u00fablica.<\/p>\n<div class=\"a-wrap a-wrap-base a-wrap-8 alignwide show-lg\"><\/div>\n<p>Tras dar intervenci\u00f3n al fiscal rural de Goya, Dr. Jos\u00e9 Omar C\u00e1ceres, se dispuso el inicio de actuaciones de oficio por presunta infracci\u00f3n al art\u00edculo 206 del C\u00f3digo Penal Argentino, que sanciona la comercializaci\u00f3n o distribuci\u00f3n de sustancias alimenticias peligrosas para la salud.<\/p>\n<p>El propietario realiz\u00f3 la entrega voluntaria de la mercader\u00eda, procedi\u00e9ndose al secuestro de costillares, vac\u00edo, aguja, menudencias, cortes de cerdo, osobuco, pollo y chorizos, que en total superaban la tonelada y media.<\/p>\n<p>Las actuaciones contin\u00faan para determinar responsabilidades y establecer si los productos estaban destinados a la venta o almacenamiento, en el marco de la investigaci\u00f3n en curso.<\/p>\n<figure class=\"wp-block-image size-full is-resized\"><img loading=\"lazy\" decoding=\"async\" class=\"wp-image-396450 entered lazyloaded\" src=\"https:\/\/www.diarioellibertador.com.ar\/wp-content\/uploads\/2026\/02\/WhatsApp-Image-2026-02-24-at-11.14.37-AM.jpeg\" sizes=\"auto, (max-width: 800px) 100vw, 800px\" srcset=\"https:\/\/www.diarioellibertador.com.ar\/wp-content\/uploads\/2026\/02\/WhatsApp-Image-2026-02-24-at-11.14.37-AM.jpeg 800w, https:\/\/www.diarioellibertador.com.ar\/wp-content\/uploads\/2026\/02\/WhatsApp-Image-2026-02-24-at-11.14.37-AM-150x200.jpeg 150w, https:\/\/www.diarioellibertador.com.ar\/wp-content\/uploads\/2026\/02\/WhatsApp-Image-2026-02-24-at-11.14.37-AM-450x600.jpeg 450w, https:\/\/www.diarioellibertador.com.ar\/wp-content\/uploads\/2026\/02\/WhatsApp-Image-2026-02-24-at-11.14.37-AM-768x1024.jpeg 768w\" alt=\"\" width=\"800\" height=\"1067\" data-lazy-srcset=\"https:\/\/www.diarioellibertador.com.ar\/wp-content\/uploads\/2026\/02\/WhatsApp-Image-2026-02-24-at-11.14.37-AM.jpeg 800w, https:\/\/www.diarioellibertador.com.ar\/wp-content\/uploads\/2026\/02\/WhatsApp-Image-2026-02-24-at-11.14.37-AM-150x200.jpeg 150w, https:\/\/www.diarioellibertador.com.ar\/wp-content\/uploads\/2026\/02\/WhatsApp-Image-2026-02-24-at-11.14.37-AM-450x600.jpeg 450w, https:\/\/www.diarioellibertador.com.ar\/wp-content\/uploads\/2026\/02\/WhatsApp-Image-2026-02-24-at-11.14.37-AM-768x1024.jpeg 768w\" data-lazy-sizes=\"(max-width: 800px) 100vw, 800px\" data-lazy-src=\"https:\/\/www.diarioellibertador.com.ar\/wp-content\/uploads\/2026\/02\/WhatsApp-Image-2026-02-24-at-11.14.37-AM.jpeg\" data-ll-status=\"loaded\" \/><\/figure>\n<figure class=\"wp-block-image size-full is-resized\"><img loading=\"lazy\" decoding=\"async\" class=\"wp-image-396451 entered lazyloaded\" src=\"https:\/\/www.diarioellibertador.com.ar\/wp-content\/uploads\/2026\/02\/WhatsApp-Image-2026-02-24-at-11.14.36-AM.jpeg\" sizes=\"auto, (max-width: 800px) 100vw, 800px\" srcset=\"https:\/\/www.diarioellibertador.com.ar\/wp-content\/uploads\/2026\/02\/WhatsApp-Image-2026-02-24-at-11.14.36-AM.jpeg 800w, https:\/\/www.diarioellibertador.com.ar\/wp-content\/uploads\/2026\/02\/WhatsApp-Image-2026-02-24-at-11.14.36-AM-150x200.jpeg 150w, https:\/\/www.diarioellibertador.com.ar\/wp-content\/uploads\/2026\/02\/WhatsApp-Image-2026-02-24-at-11.14.36-AM-450x600.jpeg 450w, https:\/\/www.diarioellibertador.com.ar\/wp-content\/uploads\/2026\/02\/WhatsApp-Image-2026-02-24-at-11.14.36-AM-768x1024.jpeg 768w\" alt=\"\" width=\"800\" height=\"1067\" data-lazy-srcset=\"https:\/\/www.diarioellibertador.com.ar\/wp-content\/uploads\/2026\/02\/WhatsApp-Image-2026-02-24-at-11.14.36-AM.jpeg 800w, https:\/\/www.diarioellibertador.com.ar\/wp-content\/uploads\/2026\/02\/WhatsApp-Image-2026-02-24-at-11.14.36-AM-150x200.jpeg 150w, https:\/\/www.diarioellibertador.com.ar\/wp-content\/uploads\/2026\/02\/WhatsApp-Image-2026-02-24-at-11.14.36-AM-450x600.jpeg 450w, https:\/\/www.diarioellibertador.com.ar\/wp-content\/uploads\/2026\/02\/WhatsApp-Image-2026-02-24-at-11.14.36-AM-768x1024.jpeg 768w\" data-lazy-sizes=\"(max-width: 800px) 100vw, 800px\" data-lazy-src=\"https:\/\/www.diarioellibertador.com.ar\/wp-content\/uploads\/2026\/02\/WhatsApp-Image-2026-02-24-at-11.14.36-AM.jpeg\" data-ll-status=\"loaded\" \/><\/figure>\n","protected":false},"excerpt":{"rendered":"<p>Un operativo de control sanitario realizado ayer, alrededor de las 19.20, deriv\u00f3 en el secuestro de 1.590,600 kilos de carne en presunto mal estado de conservaci\u00f3n e higiene en una carnicer\u00eda de la ciudad de Goya. El procedimiento fue llevado adelante por efectivos de la Unidad Especial de Seguridad Rural y Ecol\u00f3gica, quienes inspeccionaron un [&hellip;]<\/p>\n","protected":false},"author":2,"featured_media":7254,"comment_status":"open","ping_status":"open","sticky":false,"template":"","format":"standard","meta":{"footnotes":""},"categories":[68],"tags":[],"class_list":{"0":"post-7253","1":"post","2":"type-post","3":"status-publish","4":"format-standard","5":"has-post-thumbnail","7":"category-policiales-nacionales"},"_links":{"self":[{"href":"https:\/\/elpueblonoticia.com.ar\/web\/wp-json\/wp\/v2\/posts\/7253","targetHints":{"allow":["GET"]}}],"collection":[{"href":"https:\/\/elpueblonoticia.com.ar\/web\/wp-json\/wp\/v2\/posts"}],"about":[{"href":"https:\/\/elpueblonoticia.com.ar\/web\/wp-json\/wp\/v2\/types\/post"}],"author":[{"embeddable":true,"href":"https:\/\/elpueblonoticia.com.ar\/web\/wp-json\/wp\/v2\/users\/2"}],"replies":[{"embeddable":true,"href":"https:\/\/elpueblonoticia.com.ar\/web\/wp-json\/wp\/v2\/comments?post=7253"}],"version-history":[{"count":1,"href":"https:\/\/elpueblonoticia.com.ar\/web\/wp-json\/wp\/v2\/posts\/7253\/revisions"}],"predecessor-version":[{"id":7255,"href":"https:\/\/elpueblonoticia.com.ar\/web\/wp-json\/wp\/v2\/posts\/7253\/revisions\/7255"}],"wp:featuredmedia":[{"embeddable":true,"href":"https:\/\/elpueblonoticia.com.ar\/web\/wp-json\/wp\/v2\/media\/7254"}],"wp:attachment":[{"href":"https:\/\/elpueblonoticia.com.ar\/web\/wp-json\/wp\/v2\/media?parent=7253"}],"wp:term":[{"taxonomy":"category","embeddable":true,"href":"https:\/\/elpueblonoticia.com.ar\/web\/wp-json\/wp\/v2\/categories?post=7253"},{"taxonomy":"post_tag","embeddable":true,"href":"https:\/\/elpueblonoticia.com.ar\/web\/wp-json\/wp\/v2\/tags?post=7253"}],"curies":[{"name":"wp","href":"https:\/\/api.w.org\/{rel}","templated":true}]}}