{"id":7249,"date":"2026-02-24T11:15:05","date_gmt":"2026-02-24T14:15:05","guid":{"rendered":"https:\/\/elpueblonoticia.com.ar\/web\/?p=7249"},"modified":"2026-02-24T11:15:05","modified_gmt":"2026-02-24T14:15:05","slug":"el-gobierno-lanzo-un-sitio-web-para-denunciar-tasas-municipales-y-profundizo-la-tension-con-los-intendentes","status":"publish","type":"post","link":"https:\/\/elpueblonoticia.com.ar\/web\/2026\/02\/24\/el-gobierno-lanzo-un-sitio-web-para-denunciar-tasas-municipales-y-profundizo-la-tension-con-los-intendentes\/","title":{"rendered":"El Gobierno lanz\u00f3 un sitio web para denunciar tasas municipales y profundiz\u00f3 la tensi\u00f3n con los intendentes"},"content":{"rendered":"<div id=\"modalIntrotext\">\n<div>La funci\u00f3n se suma al portal de Transparencia Tributaria Municipal, que re\u00fane informaci\u00f3n impositiva de las comunas de todo el pa\u00eds. Fuerte cruce entre el jefe de Gabinete y la intendenta en uso de licencia de Quilmes, Mayra Mendoza.<\/div>\n<div><\/div>\n<div><\/div>\n<div><\/div>\n<div>\n<div class=\"contenido\">\n<div id=\"modalFulltext\">El Gobierno lanz\u00f3 un sitio web para denunciar las tasas municipales y profundiz\u00f3 la tensi\u00f3n con los intendentes. Lo anunci\u00f3 el jefe de Gabinete, Manuel Adorni, y se suma al portal de Transparencia Tributaria Municipal del Ministerio de Econom\u00eda, que re\u00fane informaci\u00f3n impositiva de las comunas de todo el pa\u00eds.<\/p>\n<p>A principios de a\u00f1o Adorni volvi\u00f3 a cuestionar a los jefes comunales por la suba de tasas municipales: \u201cEstuve charlando con un empresario pyme. En 2025 le aumentaron la tasa municipal a tal punto que casi lo funden. Fue a pedir la exenci\u00f3n al municipio porque claramente no pod\u00eda seguir operando con ese nivel de tasa\u201d.<\/p>\n<p>Ahora el jefe de Gabinete anunci\u00f3 en su cuenta de X: \u201cAdem\u00e1s de consultar las tasas que te cobra tu municipio, ahora vas a poder reportarlas. Que nadie se quede con lo que es tuyo\u201d.<\/p>\n<p>El ministro coordinador tuvo un fuerte cruce con la intendenta de Quilmes en uso de licencia y legisladora bonaerense de La C\u00e1mpora, Mayra Mendoza, que lo tild\u00f3 de \u201ccaradura\u201d. La dirigente camporista le recrimin\u00f3 al jefe de Gabinete: \u201cUstedes se est\u00e1n quedando con la de la gente de trabajo, mes a mes sube la inflaci\u00f3n y cae el salario. La clase media cada d\u00eda m\u00e1s pobre\u201d.<\/p>\n<p>Mendoza redobl\u00f3 las cr\u00edticas contra el Gobierno desde su cuenta de X: &#8220;Quieren hacer con los municipios lo mismo que hicieron con el pa\u00eds, las provincias y con las familias, hundirnos en recaudaci\u00f3n para endeudarnos. Vinieron a destruir todo y s\u00ed est\u00e1n haciendo mucho da\u00f1o, pero no van a poder arrasar con todo porque ac\u00e1 hay un pueblo que no se resigna a vivir bajo su crueldad&#8221;.<\/p>\n<p>Duras cr\u00edticas de Mayra Mendoza a Manuel Adorni: \u201cCumplan con lo que es de los habitantes de la Provincia\u201d<\/p>\n<p>La dirigente K redobl\u00f3 las cr\u00edticas contra el Gobierno, en su cuenta de X: \u201cTe cre\u00e9s vivo Adorni, pero la cara te vende. El gobierno nacional le debe $14,7 billones a la Provincia de Buenos Aires, cumplan con lo que es de los habitantes de este lugar. Ustedes abandonan todas las obligaciones que tienen con el pueblo en seguridad, en obras p\u00fablicas, etc\u00e9tera, y los gobiernos municipales dan respuesta a las necesidades de la gente ante esta ausencia y abandono de Naci\u00f3n. Cerraron los dispositivos locales de prevenci\u00f3n de adicciones, los de salud mental, no hay vacunas&#8221;.<\/p>\n<p>Mendoza plante\u00f3: \u201c\u00bfA d\u00f3nde quieren llegar? \u00bfC\u00f3mo ser\u00eda esta realidad, ya de por s\u00ed dif\u00edcil, sin la organizaci\u00f3n de la comunidad junto a los municipios? \u00bfC\u00f3mo imaginan la prestaci\u00f3n de servicios m\u00ednimos sin financiamiento? Los recursos locales cada vez son m\u00e1s escasos por el desfinanciamiento a las provincias y por la ca\u00edda de la actividad. Cuando hablamos de una industria en la que la mitad de las m\u00e1quinas est\u00e1n paradas, hablamos de recaudaci\u00f3n que se pierde tambi\u00e9n a nivel municipal \u00bfPretenden llevarnos al s\u00e1lvese quien pueda y como sea? Est\u00e1 claro que hacen falta muchas cortinas de humo para tapar tanto desastre y que vos sos un caradura tambi\u00e9n&#8221;.<\/p>\n<p>Fuerte cruce entre Manuel Adorni y Mayra Mendoza: \u201cAc\u00e1 la \u00fanica que se cree \u2018viva\u2019 sos vos\u201d<br \/>\nAdorni la cruz\u00f3: \u201cMayra, ac\u00e1 la \u00fanica que se cree \u2018viva\u2019 sos vos, criticando con falacias a un gobierno que intenta desde que asumi\u00f3 sacar al pa\u00eds del desastre en el que tus diferentes gobiernos lo dejaron\u201d.<\/p>\n<p>El jefe de Gabinete plante\u00f3: &#8221; Te recuerdo que ustedes dejaron a la Argentina con 57% de pobres, 211% de inflaci\u00f3n anual, cepo cambiario, default con importadores, aumento de deuda p\u00fablica, intermediarios pol\u00edticos que se quedaban con la comida de los pobres, vacunatorio VIP, inseguridad al por doquier y a su l\u00edder presa por corrupci\u00f3n. Buenas noches. Fin&#8221;.<\/p><\/div>\n<div>\n<div id=\"117986-4\"><\/div>\n<div id=\"117986-6\"><\/div>\n<div id=\"117986-3\"><\/div>\n<\/div>\n<\/div>\n<div class=\"modalRedes\"><\/div>\n<\/div>\n<\/div>\n","protected":false},"excerpt":{"rendered":"<p>La funci\u00f3n se suma al portal de Transparencia Tributaria Municipal, que re\u00fane informaci\u00f3n impositiva de las comunas de todo el pa\u00eds. Fuerte cruce entre el jefe de Gabinete y la intendenta en uso de licencia de Quilmes, Mayra Mendoza. El Gobierno lanz\u00f3 un sitio web para denunciar las tasas municipales y profundiz\u00f3 la tensi\u00f3n con [&hellip;]<\/p>\n","protected":false},"author":2,"featured_media":7250,"comment_status":"open","ping_status":"open","sticky":false,"template":"","format":"standard","meta":{"footnotes":""},"categories":[64],"tags":[],"class_list":{"0":"post-7249","1":"post","2":"type-post","3":"status-publish","4":"format-standard","5":"has-post-thumbnail","7":"category-nacionales"},"_links":{"self":[{"href":"https:\/\/elpueblonoticia.com.ar\/web\/wp-json\/wp\/v2\/posts\/7249","targetHints":{"allow":["GET"]}}],"collection":[{"href":"https:\/\/elpueblonoticia.com.ar\/web\/wp-json\/wp\/v2\/posts"}],"about":[{"href":"https:\/\/elpueblonoticia.com.ar\/web\/wp-json\/wp\/v2\/types\/post"}],"author":[{"embeddable":true,"href":"https:\/\/elpueblonoticia.com.ar\/web\/wp-json\/wp\/v2\/users\/2"}],"replies":[{"embeddable":true,"href":"https:\/\/elpueblonoticia.com.ar\/web\/wp-json\/wp\/v2\/comments?post=7249"}],"version-history":[{"count":1,"href":"https:\/\/elpueblonoticia.com.ar\/web\/wp-json\/wp\/v2\/posts\/7249\/revisions"}],"predecessor-version":[{"id":7251,"href":"https:\/\/elpueblonoticia.com.ar\/web\/wp-json\/wp\/v2\/posts\/7249\/revisions\/7251"}],"wp:featuredmedia":[{"embeddable":true,"href":"https:\/\/elpueblonoticia.com.ar\/web\/wp-json\/wp\/v2\/media\/7250"}],"wp:attachment":[{"href":"https:\/\/elpueblonoticia.com.ar\/web\/wp-json\/wp\/v2\/media?parent=7249"}],"wp:term":[{"taxonomy":"category","embeddable":true,"href":"https:\/\/elpueblonoticia.com.ar\/web\/wp-json\/wp\/v2\/categories?post=7249"},{"taxonomy":"post_tag","embeddable":true,"href":"https:\/\/elpueblonoticia.com.ar\/web\/wp-json\/wp\/v2\/tags?post=7249"}],"curies":[{"name":"wp","href":"https:\/\/api.w.org\/{rel}","templated":true}]}}