{"id":7245,"date":"2026-02-24T11:07:45","date_gmt":"2026-02-24T14:07:45","guid":{"rendered":"https:\/\/elpueblonoticia.com.ar\/web\/?p=7245"},"modified":"2026-02-24T11:07:45","modified_gmt":"2026-02-24T14:07:45","slug":"canasta-escolar-2026-rigen-kits-con-28-de-descuento-y-beneficios-del-banco-de-corrientes","status":"publish","type":"post","link":"https:\/\/elpueblonoticia.com.ar\/web\/2026\/02\/24\/canasta-escolar-2026-rigen-kits-con-28-de-descuento-y-beneficios-del-banco-de-corrientes\/","title":{"rendered":"Canasta Escolar 2026: rigen kits con 28% de descuento y beneficios del Banco de Corrientes"},"content":{"rendered":"<p>A partir de hoy y hasta el 31 de marzo, se encuentra disponible la Canasta Escolar 2026 en la provincia, la iniciativa ofrece kits escolares para los tres niveles educativos a un precio unificado de $12.999. El Gobierno provincial ratific\u00f3 la vigencia de esta nueva edici\u00f3n, destacando que se mantendr\u00e1n los precios de 2025 para los niveles primario y secundario. Esta medida representa un ahorro aproximado del 28 por ciento respecto a los precios de lista del mercado, beneficio que se potencia al sumarse los descuentos adicionales que se instrumentan a trav\u00e9s del Banco de Corrientes.<\/p>\n<div class=\"wp-block-image\">\n<figure class=\"alignleft size-full is-resized\"><img loading=\"lazy\" decoding=\"async\" class=\"wp-image-396425 entered lazyloaded\" src=\"https:\/\/www.diarioellibertador.com.ar\/wp-content\/uploads\/2026\/02\/imagen-107454.jpg\" sizes=\"auto, (max-width: 800px) 100vw, 800px\" srcset=\"https:\/\/www.diarioellibertador.com.ar\/wp-content\/uploads\/2026\/02\/imagen-107454.jpg 800w, https:\/\/www.diarioellibertador.com.ar\/wp-content\/uploads\/2026\/02\/imagen-107454-150x150.jpg 150w, https:\/\/www.diarioellibertador.com.ar\/wp-content\/uploads\/2026\/02\/imagen-107454-450x450.jpg 450w, https:\/\/www.diarioellibertador.com.ar\/wp-content\/uploads\/2026\/02\/imagen-107454-768x768.jpg 768w\" alt=\"\" width=\"800\" height=\"800\" data-lazy-srcset=\"https:\/\/www.diarioellibertador.com.ar\/wp-content\/uploads\/2026\/02\/imagen-107454.jpg 800w, https:\/\/www.diarioellibertador.com.ar\/wp-content\/uploads\/2026\/02\/imagen-107454-150x150.jpg 150w, https:\/\/www.diarioellibertador.com.ar\/wp-content\/uploads\/2026\/02\/imagen-107454-450x450.jpg 450w, https:\/\/www.diarioellibertador.com.ar\/wp-content\/uploads\/2026\/02\/imagen-107454-768x768.jpg 768w\" data-lazy-sizes=\"(max-width: 800px) 100vw, 800px\" data-lazy-src=\"https:\/\/www.diarioellibertador.com.ar\/wp-content\/uploads\/2026\/02\/imagen-107454.jpg\" data-ll-status=\"loaded\" \/><\/figure>\n<\/div>\n<p>La oferta contempla kits espec\u00edficos seg\u00fan la etapa educativa: el nivel inicial incluye 15 art\u00edculos, el primario cuenta con 13 \u00fatiles b\u00e1sicos y el secundario dispone de 12 elementos esenciales. Actualmente, 24 comercios del rubro librer\u00eda se encuentran adheridos en diversas localidades.<\/p>\n<p><strong>COMERCIOS ADHERIDOS<\/strong><\/p>\n<p>En la Capital, participan Librer\u00eda Red (todas sus sucursales), Rivadavia, La Llave del Chaco, Distribuidora Claudio, Casa Ca\u00f1as, Tinta y Papel, Papelera Marano y Papelera Libertad. En el interior, los puntos de venta se distribuyen en San Luis del Palmar (Librer\u00eda Rivadavia), Alvear (T\u00edo Rico), Curuz\u00fa Cuati\u00e1 (Papelitos, Estrada y Sonidos), Goya (Drugstore 2), Bella Vista (Minerva y Corrientes), Mercedes (El Chapul\u00edn Colorado y Luna), Santa Luc\u00eda (Liliana Enriquez) y Esquina (Don Quijote).<\/p>\n<div class=\"wp-block-image\">\n<figure class=\"alignright size-full is-resized\"><img loading=\"lazy\" decoding=\"async\" class=\"wp-image-396426 entered lazyloaded\" src=\"https:\/\/www.diarioellibertador.com.ar\/wp-content\/uploads\/2026\/02\/imagen-107455.jpg\" sizes=\"auto, (max-width: 800px) 100vw, 800px\" srcset=\"https:\/\/www.diarioellibertador.com.ar\/wp-content\/uploads\/2026\/02\/imagen-107455.jpg 800w, https:\/\/www.diarioellibertador.com.ar\/wp-content\/uploads\/2026\/02\/imagen-107455-150x150.jpg 150w, https:\/\/www.diarioellibertador.com.ar\/wp-content\/uploads\/2026\/02\/imagen-107455-450x450.jpg 450w, https:\/\/www.diarioellibertador.com.ar\/wp-content\/uploads\/2026\/02\/imagen-107455-768x768.jpg 768w\" alt=\"\" width=\"800\" height=\"800\" data-lazy-srcset=\"https:\/\/www.diarioellibertador.com.ar\/wp-content\/uploads\/2026\/02\/imagen-107455.jpg 800w, https:\/\/www.diarioellibertador.com.ar\/wp-content\/uploads\/2026\/02\/imagen-107455-150x150.jpg 150w, https:\/\/www.diarioellibertador.com.ar\/wp-content\/uploads\/2026\/02\/imagen-107455-450x450.jpg 450w, https:\/\/www.diarioellibertador.com.ar\/wp-content\/uploads\/2026\/02\/imagen-107455-768x768.jpg 768w\" data-lazy-sizes=\"(max-width: 800px) 100vw, 800px\" data-lazy-src=\"https:\/\/www.diarioellibertador.com.ar\/wp-content\/uploads\/2026\/02\/imagen-107455.jpg\" data-ll-status=\"loaded\" \/><\/figure>\n<\/div>\n<p><strong>AYUDA ESCOLAR<\/strong><\/p>\n<p>En paralelo, el Ejecutivo provincial trabaja en la definici\u00f3n del monto para la ayuda escolar anual de este a\u00f1o, destinada a hijos de agentes de la administraci\u00f3n p\u00fablica provincial, activos, jubilados y pensionados; cabe recordar que este beneficio alcanz\u00f3 los $200.000 en 2025. Seg\u00fan expresaron desde el gobierno, la decisi\u00f3n del gobernador Gustavo Vald\u00e9s es realizar el esfuerzo financiero necesario para sostener estas acciones que acompa\u00f1an a las familias en el inicio del ciclo lectivo, buscando mejorar la calidad de vida de los correntinos y aliviar el impacto econ\u00f3mico del regreso a clases.<\/p>\n<div class=\"wp-block-group\">\n<div class=\"wp-block-group__inner-container is-layout-constrained wp-block-group-is-layout-constrained\">\n<figure class=\"wp-block-image size-full is-resized\"><img loading=\"lazy\" decoding=\"async\" class=\"wp-image-396427 entered lazyloaded\" src=\"https:\/\/www.diarioellibertador.com.ar\/wp-content\/uploads\/2026\/02\/imagen-107456.jpg\" sizes=\"auto, (max-width: 800px) 100vw, 800px\" srcset=\"https:\/\/www.diarioellibertador.com.ar\/wp-content\/uploads\/2026\/02\/imagen-107456.jpg 800w, https:\/\/www.diarioellibertador.com.ar\/wp-content\/uploads\/2026\/02\/imagen-107456-150x150.jpg 150w, https:\/\/www.diarioellibertador.com.ar\/wp-content\/uploads\/2026\/02\/imagen-107456-450x450.jpg 450w, https:\/\/www.diarioellibertador.com.ar\/wp-content\/uploads\/2026\/02\/imagen-107456-768x768.jpg 768w\" alt=\"\" width=\"800\" height=\"800\" data-lazy-srcset=\"https:\/\/www.diarioellibertador.com.ar\/wp-content\/uploads\/2026\/02\/imagen-107456.jpg 800w, https:\/\/www.diarioellibertador.com.ar\/wp-content\/uploads\/2026\/02\/imagen-107456-150x150.jpg 150w, https:\/\/www.diarioellibertador.com.ar\/wp-content\/uploads\/2026\/02\/imagen-107456-450x450.jpg 450w, https:\/\/www.diarioellibertador.com.ar\/wp-content\/uploads\/2026\/02\/imagen-107456-768x768.jpg 768w\" data-lazy-sizes=\"(max-width: 800px) 100vw, 800px\" data-lazy-src=\"https:\/\/www.diarioellibertador.com.ar\/wp-content\/uploads\/2026\/02\/imagen-107456.jpg\" data-ll-status=\"loaded\" \/><\/figure>\n<\/div>\n<\/div>\n","protected":false},"excerpt":{"rendered":"<p>A partir de hoy y hasta el 31 de marzo, se encuentra disponible la Canasta Escolar 2026 en la provincia, la iniciativa ofrece kits escolares para los tres niveles educativos a un precio unificado de $12.999. El Gobierno provincial ratific\u00f3 la vigencia de esta nueva edici\u00f3n, destacando que se mantendr\u00e1n los precios de 2025 para [&hellip;]<\/p>\n","protected":false},"author":2,"featured_media":7246,"comment_status":"open","ping_status":"open","sticky":false,"template":"","format":"standard","meta":{"footnotes":""},"categories":[78],"tags":[],"class_list":{"0":"post-7245","1":"post","2":"type-post","3":"status-publish","4":"format-standard","5":"has-post-thumbnail","7":"category-generales"},"_links":{"self":[{"href":"https:\/\/elpueblonoticia.com.ar\/web\/wp-json\/wp\/v2\/posts\/7245","targetHints":{"allow":["GET"]}}],"collection":[{"href":"https:\/\/elpueblonoticia.com.ar\/web\/wp-json\/wp\/v2\/posts"}],"about":[{"href":"https:\/\/elpueblonoticia.com.ar\/web\/wp-json\/wp\/v2\/types\/post"}],"author":[{"embeddable":true,"href":"https:\/\/elpueblonoticia.com.ar\/web\/wp-json\/wp\/v2\/users\/2"}],"replies":[{"embeddable":true,"href":"https:\/\/elpueblonoticia.com.ar\/web\/wp-json\/wp\/v2\/comments?post=7245"}],"version-history":[{"count":1,"href":"https:\/\/elpueblonoticia.com.ar\/web\/wp-json\/wp\/v2\/posts\/7245\/revisions"}],"predecessor-version":[{"id":7247,"href":"https:\/\/elpueblonoticia.com.ar\/web\/wp-json\/wp\/v2\/posts\/7245\/revisions\/7247"}],"wp:featuredmedia":[{"embeddable":true,"href":"https:\/\/elpueblonoticia.com.ar\/web\/wp-json\/wp\/v2\/media\/7246"}],"wp:attachment":[{"href":"https:\/\/elpueblonoticia.com.ar\/web\/wp-json\/wp\/v2\/media?parent=7245"}],"wp:term":[{"taxonomy":"category","embeddable":true,"href":"https:\/\/elpueblonoticia.com.ar\/web\/wp-json\/wp\/v2\/categories?post=7245"},{"taxonomy":"post_tag","embeddable":true,"href":"https:\/\/elpueblonoticia.com.ar\/web\/wp-json\/wp\/v2\/tags?post=7245"}],"curies":[{"name":"wp","href":"https:\/\/api.w.org\/{rel}","templated":true}]}}