{"id":7241,"date":"2026-02-24T10:36:12","date_gmt":"2026-02-24T13:36:12","guid":{"rendered":"https:\/\/elpueblonoticia.com.ar\/web\/?p=7241"},"modified":"2026-02-24T10:36:12","modified_gmt":"2026-02-24T13:36:12","slug":"este-miercoles-25-se-cumple-un-nuevo-aniversario-del-natalicio-del-padre-de-la-patria","status":"publish","type":"post","link":"https:\/\/elpueblonoticia.com.ar\/web\/2026\/02\/24\/este-miercoles-25-se-cumple-un-nuevo-aniversario-del-natalicio-del-padre-de-la-patria\/","title":{"rendered":"Este mi\u00e9rcoles 25 se cumple un nuevo aniversario del Natalicio del Padre de la Patria"},"content":{"rendered":"<div id=\"modalIntrotext\">\n<div>La Municipalidad de Goya y la Asociaci\u00f3n Cultural Sanmartiniana invitan al acto conmemorativo del nacimiento del general Jos\u00e9 Francisco de San Mart\u00edn que se desarrollar\u00e1 este mi\u00e9rcoles en la plaza hom\u00f3nima a partir de las 7.50.<\/div>\n<div><\/div>\n<div><\/div>\n<div><\/div>\n<div>\n<div class=\"contenido\">\n<div id=\"modalFulltext\">El mencionado acto se realizar\u00e1 este mi\u00e9rcoles 25 de febrero en la plaza que perpet\u00faa la memoria del Libertador de Am\u00e9rica.<\/p>\n<p>La secuencia del programa es el siguiente:<\/p>\n<p>7,50 horas: Recepci\u00f3n de autoridades civiles, fuerzas armadas, policiales y de seguridad, autoridades eclesi\u00e1sticas, escolares y p\u00fablico en general.<\/p>\n<p>8 horas: Izamiento del Pabell\u00f3n Nacional.<\/p>\n<p>8,10 horas:<\/p>\n<p>Entonaci\u00f3n del Himno Nacional Argentino.<\/p>\n<p>Palabras alusivas a cargo de la asociada sanmartiniana Celestina Genes.<\/p>\n<p>Poes\u00eda: &#8220;Padre de la Patria&#8221;, a cargo de la autora y asociada sanmartiniana Alicia \u00c1rnica de Nardelli.<\/p>\n<p>Ofrenda de laureles al pie del monumento central de plaza San Mart\u00edn.<\/p>\n<p>Himno al general San Mart\u00edn.<\/p>\n<p>Pasaje de honor.<\/p>\n<p>Desconcentraci\u00f3n.<\/p>\n<p>Direcci\u00f3n de Prensa &#8211; Municipalidad de Goya<\/p><\/div>\n<div>\n<div id=\"117986-4\"><\/div>\n<div id=\"117986-6\"><\/div>\n<div id=\"117986-3\"><\/div>\n<\/div>\n<\/div>\n<div class=\"modalRedes\"><\/div>\n<\/div>\n<\/div>\n","protected":false},"excerpt":{"rendered":"<p>La Municipalidad de Goya y la Asociaci\u00f3n Cultural Sanmartiniana invitan al acto conmemorativo del nacimiento del general Jos\u00e9 Francisco de San Mart\u00edn que se desarrollar\u00e1 este mi\u00e9rcoles en la plaza hom\u00f3nima a partir de las 7.50. El mencionado acto se realizar\u00e1 este mi\u00e9rcoles 25 de febrero en la plaza que perpet\u00faa la memoria del Libertador [&hellip;]<\/p>\n","protected":false},"author":2,"featured_media":7242,"comment_status":"open","ping_status":"open","sticky":false,"template":"","format":"standard","meta":{"footnotes":""},"categories":[56],"tags":[],"class_list":{"0":"post-7241","1":"post","2":"type-post","3":"status-publish","4":"format-standard","5":"has-post-thumbnail","7":"category-locales"},"_links":{"self":[{"href":"https:\/\/elpueblonoticia.com.ar\/web\/wp-json\/wp\/v2\/posts\/7241","targetHints":{"allow":["GET"]}}],"collection":[{"href":"https:\/\/elpueblonoticia.com.ar\/web\/wp-json\/wp\/v2\/posts"}],"about":[{"href":"https:\/\/elpueblonoticia.com.ar\/web\/wp-json\/wp\/v2\/types\/post"}],"author":[{"embeddable":true,"href":"https:\/\/elpueblonoticia.com.ar\/web\/wp-json\/wp\/v2\/users\/2"}],"replies":[{"embeddable":true,"href":"https:\/\/elpueblonoticia.com.ar\/web\/wp-json\/wp\/v2\/comments?post=7241"}],"version-history":[{"count":1,"href":"https:\/\/elpueblonoticia.com.ar\/web\/wp-json\/wp\/v2\/posts\/7241\/revisions"}],"predecessor-version":[{"id":7243,"href":"https:\/\/elpueblonoticia.com.ar\/web\/wp-json\/wp\/v2\/posts\/7241\/revisions\/7243"}],"wp:featuredmedia":[{"embeddable":true,"href":"https:\/\/elpueblonoticia.com.ar\/web\/wp-json\/wp\/v2\/media\/7242"}],"wp:attachment":[{"href":"https:\/\/elpueblonoticia.com.ar\/web\/wp-json\/wp\/v2\/media?parent=7241"}],"wp:term":[{"taxonomy":"category","embeddable":true,"href":"https:\/\/elpueblonoticia.com.ar\/web\/wp-json\/wp\/v2\/categories?post=7241"},{"taxonomy":"post_tag","embeddable":true,"href":"https:\/\/elpueblonoticia.com.ar\/web\/wp-json\/wp\/v2\/tags?post=7241"}],"curies":[{"name":"wp","href":"https:\/\/api.w.org\/{rel}","templated":true}]}}