{"id":7237,"date":"2026-02-24T10:27:15","date_gmt":"2026-02-24T13:27:15","guid":{"rendered":"https:\/\/elpueblonoticia.com.ar\/web\/?p=7237"},"modified":"2026-02-24T10:27:15","modified_gmt":"2026-02-24T13:27:15","slug":"emilio-martinez-llama-a-la-vacunacion-en-el-regreso-a-clases","status":"publish","type":"post","link":"https:\/\/elpueblonoticia.com.ar\/web\/2026\/02\/24\/emilio-martinez-llama-a-la-vacunacion-en-el-regreso-a-clases\/","title":{"rendered":"EMILIO MART\u00cdNEZ LLAMA A LA VACUNACI\u00d3N EN EL REGRESO A CLASES"},"content":{"rendered":"<p><strong>Con el inicio del ciclo escolar a la vuelta de la esquina, el subsecretario de Atenci\u00f3n Primaria de la Salud Dr. Emilio Mart\u00ednez ha emitido un importante llamado a todos los padres y tutores para que actualicen los carnets de vacunaci\u00f3n de sus hijos.<\/strong><\/p>\n<p>&nbsp;<\/p>\n<p>En declaraciones radiales, Mart\u00ednez enfatiz\u00f3 la importancia de las vacunas como una herramienta fundamental para proteger tanto a los ni\u00f1os como a la comunidad en general, se\u00f1alando que &#8220;cada inicio escolar es una oportunidad para actualizar el carnet de vacunaci\u00f3n. Recordar que las vacunas son gratuitas y obligatorias y son la herramienta para proteger a nuestros hijos y a la comunidad en s\u00ed. As\u00ed, si los chicos no se enferman, no se contagian&#8221;.<\/p>\n<p>El Dr. Mart\u00ednez hizo hincapi\u00e9 en la necesidad de reforzar ciertas vacunas esenciales para los ni\u00f1os en edad escolar, recordando que &#8220;el refuerzo obligatorio de la triple viral es contra el sarampi\u00f3n, la rub\u00e9ola, las paperas, y contra la triple bacteriana, que es la difteria, el t\u00e9tanos y la tos convulsa. Hay que colocarse la polio y la varicela&#8221;.<\/p>\n<p>DISPONIBILIDAD Y ACCESOS A LAS VACUNAS DE CALENDARIO<\/p>\n<p>Adem\u00e1s, el profesional asegur\u00f3 que &#8220;estas vacunas est\u00e1n disponibles, y si uno no entiende los carnets, deben llevar al enfermero de la sala para que revise el carnet e identifique cu\u00e1l vacuna le corresponde. Tenemos vacunas, meningococo, fiebre amarilla, todas las vacunas que tienen que ser colocadas a los chicos para prevenir enfermedades y sus formas graves&#8221;.<\/p>\n<p>Para facilitar el acceso a la vacunaci\u00f3n, los centros de salud han extendido sus horarios y ofrecen diversas opciones para adaptarse a las necesidades de las familias: &#8220;Las salas est\u00e1n abiertas de ma\u00f1ana y tarde, con un amplio horario. Tambi\u00e9n tenemos un horario corrido del consultorio de vacunaci\u00f3n de la\u00a0asistencia: ma\u00f1ana, siesta, tarde&#8221;, precis\u00f3.<\/p>\n<p>El Dr. Mart\u00ednez inst\u00f3 a los padres a priorizar la vacunaci\u00f3n de sus hijos, a pesar de las posibles dificultades de tiempo, insistiendo en que &#8220;uno tiene que hacerse el tiempo. Muchos padres trabajan, pero hay que hacerse el tiempo para llevar a los chicos a vacunarse, es una oportunidad \u00fanica&#8221;.<\/p>\n<p>Este llamado a la acci\u00f3n del Dr. Emilio Mart\u00ednez subraya la importancia de la vacunaci\u00f3n como una medida preventiva clave para garantizar la salud y el bienestar de los ni\u00f1os y la comunidad en general durante el a\u00f1o escolar.<\/p>\n<p>Direcci\u00f3n de Prensa &#8211; Municipalidad de Goya<\/p>\n","protected":false},"excerpt":{"rendered":"<p>Con el inicio del ciclo escolar a la vuelta de la esquina, el subsecretario de Atenci\u00f3n Primaria de la Salud Dr. Emilio Mart\u00ednez ha emitido un importante llamado a todos los padres y tutores para que actualicen los carnets de vacunaci\u00f3n de sus hijos. &nbsp; En declaraciones radiales, Mart\u00ednez enfatiz\u00f3 la importancia de las vacunas [&hellip;]<\/p>\n","protected":false},"author":2,"featured_media":7238,"comment_status":"open","ping_status":"open","sticky":false,"template":"","format":"standard","meta":{"footnotes":""},"categories":[56],"tags":[],"class_list":{"0":"post-7237","1":"post","2":"type-post","3":"status-publish","4":"format-standard","5":"has-post-thumbnail","7":"category-locales"},"_links":{"self":[{"href":"https:\/\/elpueblonoticia.com.ar\/web\/wp-json\/wp\/v2\/posts\/7237","targetHints":{"allow":["GET"]}}],"collection":[{"href":"https:\/\/elpueblonoticia.com.ar\/web\/wp-json\/wp\/v2\/posts"}],"about":[{"href":"https:\/\/elpueblonoticia.com.ar\/web\/wp-json\/wp\/v2\/types\/post"}],"author":[{"embeddable":true,"href":"https:\/\/elpueblonoticia.com.ar\/web\/wp-json\/wp\/v2\/users\/2"}],"replies":[{"embeddable":true,"href":"https:\/\/elpueblonoticia.com.ar\/web\/wp-json\/wp\/v2\/comments?post=7237"}],"version-history":[{"count":1,"href":"https:\/\/elpueblonoticia.com.ar\/web\/wp-json\/wp\/v2\/posts\/7237\/revisions"}],"predecessor-version":[{"id":7239,"href":"https:\/\/elpueblonoticia.com.ar\/web\/wp-json\/wp\/v2\/posts\/7237\/revisions\/7239"}],"wp:featuredmedia":[{"embeddable":true,"href":"https:\/\/elpueblonoticia.com.ar\/web\/wp-json\/wp\/v2\/media\/7238"}],"wp:attachment":[{"href":"https:\/\/elpueblonoticia.com.ar\/web\/wp-json\/wp\/v2\/media?parent=7237"}],"wp:term":[{"taxonomy":"category","embeddable":true,"href":"https:\/\/elpueblonoticia.com.ar\/web\/wp-json\/wp\/v2\/categories?post=7237"},{"taxonomy":"post_tag","embeddable":true,"href":"https:\/\/elpueblonoticia.com.ar\/web\/wp-json\/wp\/v2\/tags?post=7237"}],"curies":[{"name":"wp","href":"https:\/\/api.w.org\/{rel}","templated":true}]}}